{"id":696968,"date":"2026-01-29T09:06:13","date_gmt":"2026-01-29T09:06:13","guid":{"rendered":"https:\/\/www.europesays.com\/fr\/696968\/"},"modified":"2026-01-29T09:06:13","modified_gmt":"2026-01-29T09:06:13","slug":"pour-la-premiere-ministre-du-danemark-leurope-a-su-tirer-certaines-lecons-de-la-crise-provoquee-par-les-menaces-de-trump-sur-le-groenland","status":"publish","type":"post","link":"https:\/\/www.europesays.com\/fr\/696968\/","title":{"rendered":"Pour la premi\u00e8re ministre du Danemark, \u00ab\u00a0l\u2019Europe a su tirer certaines le\u00e7ons\u00a0\u00bb de la crise provoqu\u00e9e par les menaces de Trump sur le Groenland"},"content":{"rendered":"<p>                     <img loading=\"lazy\" decoding=\"async\" src=\"https:\/\/www.europesays.com\/fr\/wp-content\/uploads\/2026\/01\/c098cd7_ftp-1-rhqvbsrqfcuv-2026-01-28t125758z-1875793754-rc2cajau556y-rtrmadp-3-usa-trump-greenland-.jpeg\" alt=\"Jens-Frederik Nielsen, premier ministre groenlandais, Emmanuel Macron, pr\u00e9sident fran\u00e7ais, et Mette Frederiksen, premi\u00e8re ministre danoise, \u00e0 Paris, le\u00a028\u00a0janvier\u00a02026.\"   width=\"664\" height=\"443\"\/>    Jens-Frederik Nielsen, premier ministre groenlandais, Emmanuel Macron, pr\u00e9sident fran\u00e7ais, et Mette Frederiksen, premi\u00e8re ministre danoise, \u00e0 Paris, le\u00a028\u00a0janvier\u00a02026.  THOMAS PADILLA\/REUTERS                 <\/p>\n<p class=\"article__paragraph  \">Marco Rubio, le secr\u00e9taire d\u2019Etat am\u00e9ricain, a esp\u00e9r\u00e9 devant la commission des affaires \u00e9trang\u00e8res du S\u00e9nat, mercredi 28\u00a0janvier, \u00e0 Washington, \u00ab\u00a0un r\u00e9sultat positif pour tout le monde\u00a0\u00bb au sujet du Groenland, convoit\u00e9 par Donald Trump. Une semaine apr\u00e8s le revirement du pr\u00e9sident am\u00e9ricain, qui a dit renoncer \u00e0 la force pour engager des discussions sur le sort du territoire autonome danois, la premi\u00e8re ministre danoise, Mette Frederiksen, reste sur ses gardes et soigne ses appuis europ\u00e9ens. De passage \u00e0 Paris, mercredi, elle a d\u00e9jeun\u00e9 \u00e0 l\u2019Elys\u00e9e avec Emmanuel Macron, apr\u00e8s avoir rencontr\u00e9, la veille, le chancelier allemand, Friedrich Merz, \u00e0 Berlin.<\/p>\n<p class=\"article__paragraph  \">\u00ab\u00a0Le monde ancien a disparu et ne reviendra pas\u00a0\u00bb, a estim\u00e9 la cheffe du gouvernement danois, lors d\u2019une intervention devant les \u00e9tudiants de Sciences Po, aux c\u00f4t\u00e9s du premier ministre groenlandais, Jens-Frederik Nielsen, sans renoncer pour autant au lien transatlantique pour la s\u00e9curit\u00e9 du continent europ\u00e9en\u00a0: \u00ab\u00a0Le mieux \u00e0 faire pour les Etats-Unis et l\u2019Europe est de rester solidaires, a-t-elle dit. Si nous permettons \u00e0 la Russie de gagner en Ukraine, elle continuera.\u00a0\u00bb<\/p>\n<p class=\"reading-mode-only \"><strong>Il vous reste 49.85% de cet article \u00e0 lire. La suite est r\u00e9serv\u00e9e aux abonn\u00e9s.<\/strong><\/p>\n","protected":false},"excerpt":{"rendered":"Jens-Frederik Nielsen, premier ministre groenlandais, Emmanuel Macron, pr\u00e9sident fran\u00e7ais, et Mette Frederiksen, premi\u00e8re ministre danoise, \u00e0 Paris, le\u00a028\u00a0janvier\u00a02026.&hellip;\n","protected":false},"author":2,"featured_media":696969,"comment_status":"","ping_status":"","sticky":false,"template":"","format":"standard","meta":{"footnotes":""},"categories":[5],"tags":[11,1011,27,14,12,28],"class_list":{"0":"post-696968","1":"post","2":"type-post","3":"status-publish","4":"format-standard","5":"has-post-thumbnail","7":"category-international","8":"tag-actualites","9":"tag-fr","10":"tag-france","11":"tag-international","12":"tag-news","13":"tag-world"},"share_on_mastodon":{"url":"https:\/\/pubeurope.com\/@fr\/115977596715187705","error":""},"_links":{"self":[{"href":"https:\/\/www.europesays.com\/fr\/wp-json\/wp\/v2\/posts\/696968","targetHints":{"allow":["GET"]}}],"collection":[{"href":"https:\/\/www.europesays.com\/fr\/wp-json\/wp\/v2\/posts"}],"about":[{"href":"https:\/\/www.europesays.com\/fr\/wp-json\/wp\/v2\/types\/post"}],"author":[{"embeddable":true,"href":"https:\/\/www.europesays.com\/fr\/wp-json\/wp\/v2\/users\/2"}],"replies":[{"embeddable":true,"href":"https:\/\/www.europesays.com\/fr\/wp-json\/wp\/v2\/comments?post=696968"}],"version-history":[{"count":0,"href":"https:\/\/www.europesays.com\/fr\/wp-json\/wp\/v2\/posts\/696968\/revisions"}],"wp:featuredmedia":[{"embeddable":true,"href":"https:\/\/www.europesays.com\/fr\/wp-json\/wp\/v2\/media\/696969"}],"wp:attachment":[{"href":"https:\/\/www.europesays.com\/fr\/wp-json\/wp\/v2\/media?parent=696968"}],"wp:term":[{"taxonomy":"category","embeddable":true,"href":"https:\/\/www.europesays.com\/fr\/wp-json\/wp\/v2\/categories?post=696968"},{"taxonomy":"post_tag","embeddable":true,"href":"https:\/\/www.europesays.com\/fr\/wp-json\/wp\/v2\/tags?post=696968"}],"curies":[{"name":"wp","href":"https:\/\/api.w.org\/{rel}","templated":true}]}}