{"id":696976,"date":"2026-01-29T09:10:11","date_gmt":"2026-01-29T09:10:11","guid":{"rendered":"https:\/\/www.europesays.com\/fr\/696976\/"},"modified":"2026-01-29T09:10:11","modified_gmt":"2026-01-29T09:10:11","slug":"kante-pose-ses-valises-a-saint-etienne","status":"publish","type":"post","link":"https:\/\/www.europesays.com\/fr\/696976\/","title":{"rendered":"Kant\u00e9 pose ses valises \u00e0 Saint-Etienne"},"content":{"rendered":"<p><b>A la recherche d\u2019un milieu d\u00e9fensif depuis le d\u00e9but du mois de janvier, l\u2019ASSE est en passe de trouver son bonheur avec le jeune international espoirs ivoirien Abdoulaye Kant\u00e9, qui \u00e9volue \u00e0 Middlesbrough. <\/b><\/p>\n<p>C\u2019est la priorit\u00e9 de l\u2019AS Saint-Etienne depuis le d\u00e9but du <a href=\"https:\/\/www.foot01.com\/mercato\" title=\"Mercato\" target=\"_blank\" rel=\"noopener\">mercato<\/a>. L\u2019arriv\u00e9e d\u2019un milieu de terrain a \u00e9t\u00e9 identifi\u00e9e comme une urgence pour les Verts, en manque de solution \u00e0 ce poste apr\u00e8s l\u2019\u00e9pisode Pierre Ekwah, sur qui l\u2019ASSE comptait mais qui n\u2019a finalement pas disput\u00e9 le moindre match de <a href=\"https:\/\/www.foot01.com\/ligue2\" title=\"Ligue 2\" target=\"_blank\" rel=\"noopener\">Ligue 2<\/a>. <a href=\"https:\/\/www.foot01.com\/st-etienne\/lasse-sattaque-a-un-defenseur-intouchable\" target=\"_self\" rel=\"noopener\">Tr\u00e8s calme sur le march\u00e9 des transferts jusqu\u2019\u00e0 pr\u00e9sent<\/a>, la direction st\u00e9phanoise a peut-\u00eatre enfin trouv\u00e9 le renfort tant esp\u00e9r\u00e9 \u00e0 ce poste. Selon les informations du site Peuple Vert, le club for\u00e9zien est sur le point de finaliser l\u2019arriv\u00e9e d\u2019Abdoulaye Kant\u00e9.<\/p>\n<p>Form\u00e9 \u00e0 Troyes et vendu 3 millions d\u2019euros \u00e0 Middlesbrough l\u2019\u00e9t\u00e9 dernier, le jeune milieu d\u00e9fensif de 20 ans n\u2019a pas r\u00e9ussi \u00e0 s\u2019imposer en D2 anglaise. Son temps de jeu est tr\u00e8s faible, raison pour laquelle il souhaite partir afin de retrouver un statut de titulaire. C\u2019est justement ce que lui propose l\u2019ASSE avec une perspective de temps de jeu tr\u00e8s importante dans une \u00e9quipe amoindrie au milieu de terrain.<\/p>\n<p>L&rsquo;ASSE tient enfin son renfort au milieu\u00a0<\/p>\n<p>Le m\u00e9dia explique que sauf grosse surprise, Abdoulaye Kant\u00e9 va devenir dans les heures qui viennent la premi\u00e8re recrue de l\u2019hiver \u00e0 Saint-Etienne. Nos confr\u00e8res pr\u00e9cisent m\u00eame que le milieu de terrain form\u00e9 \u00e0 l\u2019ESTAC a \u00e9t\u00e9 aper\u00e7u \u00e0 l\u2019Etrat mercredi, preuve que sa signature est imminente. Les d\u00e9tails du deal n\u2019ont en revanche pas \u00e9t\u00e9 r\u00e9v\u00e9l\u00e9s pour l\u2019instant. On ignore donc s&rsquo;il s\u2019agira d\u2019un pr\u00eat ou d\u2019un transfert d\u00e9finitif pour Abdoulaye Kant\u00e9 \u00e0 Saint-Etienne et quelle somme les Verts vont devoir d\u00e9bourser pour finaliser cette op\u00e9ration.<\/p>\n<p>Quoi qu\u2019il en soit, les supporters st\u00e9phanois se r\u00e9jouiront de voir (enfin) un renfort d\u00e9barquer \u00e0 ce poste alors que ce besoin a \u00e9t\u00e9 identifi\u00e9 depuis plusieurs semaines. Futur entra\u00eeneur de Saint-Etienne, club avec lequel il va s\u2019engager dans le week-end, Philippe Montanier a certainement \u00e9t\u00e9 concert\u00e9 par la direction du club sur ce choix et l\u2019a donc valid\u00e9. Le joueur d\u20191m80, sous contrat avec Middlesbrough jusqu\u2019en juin 2030, est estim\u00e9 \u00e0 3 millions d\u2019euros par le site sp\u00e9cialis\u00e9 Transfermarkt.<\/p>\n","protected":false},"excerpt":{"rendered":"A la recherche d\u2019un milieu d\u00e9fensif depuis le d\u00e9but du mois de janvier, l\u2019ASSE est en passe de&hellip;\n","protected":false},"author":2,"featured_media":696977,"comment_status":"","ping_status":"","sticky":false,"template":"","format":"standard","meta":{"footnotes":""},"categories":[9653],"tags":[1111,11,461,2430,1777,674,1011,27,446,1434,12,25,4001],"class_list":{"0":"post-696976","1":"post","2":"type-post","3":"status-publish","4":"format-standard","5":"has-post-thumbnail","7":"category-saint-etienne","8":"tag-actu","9":"tag-actualites","10":"tag-asse","11":"tag-auvergne-rhone-alpes","12":"tag-eu","13":"tag-europe","14":"tag-fr","15":"tag-france","16":"tag-ligue-2","17":"tag-mercato","18":"tag-news","19":"tag-republique-francaise","20":"tag-saint-etienne"},"share_on_mastodon":{"url":"https:\/\/pubeurope.com\/@fr\/115977612312892524","error":""},"_links":{"self":[{"href":"https:\/\/www.europesays.com\/fr\/wp-json\/wp\/v2\/posts\/696976","targetHints":{"allow":["GET"]}}],"collection":[{"href":"https:\/\/www.europesays.com\/fr\/wp-json\/wp\/v2\/posts"}],"about":[{"href":"https:\/\/www.europesays.com\/fr\/wp-json\/wp\/v2\/types\/post"}],"author":[{"embeddable":true,"href":"https:\/\/www.europesays.com\/fr\/wp-json\/wp\/v2\/users\/2"}],"replies":[{"embeddable":true,"href":"https:\/\/www.europesays.com\/fr\/wp-json\/wp\/v2\/comments?post=696976"}],"version-history":[{"count":0,"href":"https:\/\/www.europesays.com\/fr\/wp-json\/wp\/v2\/posts\/696976\/revisions"}],"wp:featuredmedia":[{"embeddable":true,"href":"https:\/\/www.europesays.com\/fr\/wp-json\/wp\/v2\/media\/696977"}],"wp:attachment":[{"href":"https:\/\/www.europesays.com\/fr\/wp-json\/wp\/v2\/media?parent=696976"}],"wp:term":[{"taxonomy":"category","embeddable":true,"href":"https:\/\/www.europesays.com\/fr\/wp-json\/wp\/v2\/categories?post=696976"},{"taxonomy":"post_tag","embeddable":true,"href":"https:\/\/www.europesays.com\/fr\/wp-json\/wp\/v2\/tags?post=696976"}],"curies":[{"name":"wp","href":"https:\/\/api.w.org\/{rel}","templated":true}]}}