{"id":697009,"date":"2026-01-29T09:32:13","date_gmt":"2026-01-29T09:32:13","guid":{"rendered":"https:\/\/www.europesays.com\/fr\/697009\/"},"modified":"2026-01-29T09:32:13","modified_gmt":"2026-01-29T09:32:13","slug":"girondins-eric-vandenabeele-devoile-ses-missions-pour-renforcer-leffectif-de-bordeaux","status":"publish","type":"post","link":"https:\/\/www.europesays.com\/fr\/697009\/","title":{"rendered":"Girondins : Eric Vandenabeele d\u00e9voile ses missions pour renforcer l&rsquo;effectif de Bordeaux"},"content":{"rendered":"<p><img decoding=\"async\" src=\"https:\/\/www.europesays.com\/fr\/wp-content\/uploads\/2025\/08\/671_755ed06277d1cb3f779b86ce5d5a7a53.jpg\" alt=\"Girondins : Eric Vandenabeele d\u00e9voile ses missions pour renforcer l'effectif de Bordeaux\" class=\"img-responsive mt-3\"\/><\/p>\n<p class=\"text-center mb-3\" style=\"font-size: 14px\">\u00a9 Iconsport<\/p>\n<p><strong>Girondins de Bordeaux : \u00c9ric Vandenabeele, un renfort strat\u00e9gique pour le recrutement<\/strong><\/p>\n<p style=\"text-align: justify;\">L\u2019ancien joueur des Girondins s\u2019est confi\u00e9 au quotidien Sud Ouest au sujet de son nouveau r\u00f4le au sein du club bordelais. Il pr\u00e9cise qu\u2019il sera charg\u00e9 de l\u2019analyse vid\u00e9o des profils propos\u00e9s aux Girondins de Bordeaux. Il sera \u00e9galement amen\u00e9 \u00e0 se d\u00e9placer dans le nord de la France et dans le Benelux (Belgique, Luxembourg et Pays-Bas) afin d\u2019observer ces joueurs de plus pr\u00e8s lors des matchs. \u00c9ric Vandenabeele sera d\u00e9j\u00e0 sur place, lui qui s\u2019est engag\u00e9 en R\u00e9gional 1 avec Calais jusqu\u2019\u00e0 la fin de la saison.<\/p>\n<p><strong>\u00ab\u00a0Aller voir des matchs dans toute la partie au nord de la r\u00e9gion parisienne et sur le Benelux\u00a0\u00bb<\/strong><\/p>\n<p style=\"text-align: justify;\">\u00a0<\/p>\n<p style=\"text-align: justify;\">Eric Vandenabeele : \u00ab\u00a0Je vais faire beaucoup d\u2019analyse vid\u00e9o, et aller voir des matchs dans toute la partie au nord de la r\u00e9gion parisienne et sur le Benelux. Dans un premier temps, il s\u2019agira de d\u00e9cortiquer les joueurs qui nous sont propos\u00e9s, et il y en a \u00e9norm\u00e9ment \u00e0 Bordeaux : je ferai un premier tri et \u00e7a va faire gagner du temps au coach qui s\u2019en occupait jusque-l\u00e0. On a d\u00e9j\u00e0 eu une premi\u00e8re r\u00e9union la semaine derni\u00e8re avec Karim Saada et lui sur les profils. Aux Girondins, il y a un contexte qui peut aussi convenir \u00e0 certains joueurs et pas \u00e0 d\u2019autres. Il faut tout analyser, le recrutement est un puzzle.\u00a0\u00bb<\/p>\n<p>\u00c0 lire &gt;&gt; <strong><a href=\"https:\/\/www.webgirondins.com\/actualite-girondins-girondins-les-joueurs-de-retour-a-l-entrainement-le-point-sur-les-blesses-131974\" target=\"_blank\" rel=\"noopener\">Girondins : les joueurs de retour \u00e0 l&rsquo;entrainement, le point sur les bless\u00e9s<\/a><\/strong><\/p>\n<p>\u00c9coutez notre podcast court sur l&rsquo;actu des Girondins :<\/p>\n<p>\u00a0<\/p>\n","protected":false},"excerpt":{"rendered":"\u00a9 Iconsport Girondins de Bordeaux : \u00c9ric Vandenabeele, un renfort strat\u00e9gique pour le recrutement L\u2019ancien joueur des Girondins&hellip;\n","protected":false},"author":2,"featured_media":324943,"comment_status":"","ping_status":"","sticky":false,"template":"","format":"standard","meta":{"footnotes":""},"categories":[2817],"tags":[1111,11,150,1997,3108,851,3235,11792,1777,674,1011,27,1987,1441,15393,12,2219,471,79202,17872,25,32213,43240],"class_list":{"0":"post-697009","1":"post","2":"type-post","3":"status-publish","4":"format-standard","5":"has-post-thumbnail","7":"category-bordeaux","8":"tag-actu","9":"tag-actualites","10":"tag-apres","11":"tag-bordeaux","12":"tag-contrat","13":"tag-devoile","14":"tag-effectif","15":"tag-eric","16":"tag-eu","17":"tag-europe","18":"tag-fr","19":"tag-france","20":"tag-girondins","21":"tag-joueur","22":"tag-missions","23":"tag-news","24":"tag-nouvelle-aquitaine","25":"tag-pour","26":"tag-recruteur","27":"tag-renforcer","28":"tag-republique-francaise","29":"tag-resilie","30":"tag-vandenabeele"},"share_on_mastodon":{"url":"https:\/\/pubeurope.com\/@fr\/115977699047923647","error":""},"_links":{"self":[{"href":"https:\/\/www.europesays.com\/fr\/wp-json\/wp\/v2\/posts\/697009","targetHints":{"allow":["GET"]}}],"collection":[{"href":"https:\/\/www.europesays.com\/fr\/wp-json\/wp\/v2\/posts"}],"about":[{"href":"https:\/\/www.europesays.com\/fr\/wp-json\/wp\/v2\/types\/post"}],"author":[{"embeddable":true,"href":"https:\/\/www.europesays.com\/fr\/wp-json\/wp\/v2\/users\/2"}],"replies":[{"embeddable":true,"href":"https:\/\/www.europesays.com\/fr\/wp-json\/wp\/v2\/comments?post=697009"}],"version-history":[{"count":0,"href":"https:\/\/www.europesays.com\/fr\/wp-json\/wp\/v2\/posts\/697009\/revisions"}],"wp:featuredmedia":[{"embeddable":true,"href":"https:\/\/www.europesays.com\/fr\/wp-json\/wp\/v2\/media\/324943"}],"wp:attachment":[{"href":"https:\/\/www.europesays.com\/fr\/wp-json\/wp\/v2\/media?parent=697009"}],"wp:term":[{"taxonomy":"category","embeddable":true,"href":"https:\/\/www.europesays.com\/fr\/wp-json\/wp\/v2\/categories?post=697009"},{"taxonomy":"post_tag","embeddable":true,"href":"https:\/\/www.europesays.com\/fr\/wp-json\/wp\/v2\/tags?post=697009"}],"curies":[{"name":"wp","href":"https:\/\/api.w.org\/{rel}","templated":true}]}}