{"id":697020,"date":"2026-01-29T09:45:28","date_gmt":"2026-01-29T09:45:28","guid":{"rendered":"https:\/\/www.europesays.com\/fr\/697020\/"},"modified":"2026-01-29T09:45:28","modified_gmt":"2026-01-29T09:45:28","slug":"33-maisons-france-sante-labellisees-dans-le-rhone","status":"publish","type":"post","link":"https:\/\/www.europesays.com\/fr\/697020\/","title":{"rendered":"33 Maisons France Sant\u00e9 labellis\u00e9es dans le Rh\u00f4ne"},"content":{"rendered":"<p>                            <img loading=\"lazy\" width=\"1198\" height=\"750\" class=\"attachment-article size-article wp-post-image lazyload\" alt=\"\" decoding=\"async\" src=\"https:\/\/www.europesays.com\/fr\/wp-content\/uploads\/2026\/01\/G_xJDjWXEAECFJ7-e1769670156341.jpeg\" data-eio-rwidth=\"1198\" data-eio-rheight=\"750\"\/><\/p>\n<p>La pr\u00e9f\u00e8te du Rh\u00f4ne inaugure  l\u2019incubateur de sant\u00e9 solidaire de Chabani\u00e8re.<\/p>\n<p class=\"content\" style=\"font-size:1.2em;font-weight:700\">L\u2019\u00c9tat et les collectivit\u00e9s locales ont lanc\u00e9 dans le Rh\u00f4ne et la M\u00e9tropole de Lyon le r\u00e9seau France Sant\u00e9, avec la labellisation de 33 structures de soins de proximit\u00e9. Objectif : am\u00e9liorer l\u2019acc\u00e8s aux soins et fluidifier les parcours des patients.<\/p>\n<p>Dans le cadre du d\u00e9ploiement national du dispositif France Sant\u00e9, 33 structures viennent d\u2019\u00eatre labellis\u00e9es dans le Rh\u00f4ne, dont 22 situ\u00e9es dans la M\u00e9tropole de Lyon. Ce r\u00e9seau, copilot\u00e9 par l\u2019Agence r\u00e9gionale de sant\u00e9, la pr\u00e9fecture, le D\u00e9partement et la M\u00e9tropole, vise \u00e0 rendre plus lisible l\u2019offre de soins de proximit\u00e9 tout en renfor\u00e7ant la coordination entre professionnels de sant\u00e9.<\/p>\n<p>Les Maisons France Sant\u00e9 regroupent m\u00e9decins g\u00e9n\u00e9ralistes, infirmiers et autres praticiens afin de proposer une prise en charge pluriprofessionnelle. Ces structures doivent garantir une ouverture minimale de cinq jours par semaine, l\u2019absence de d\u00e9passements d\u2019honoraires et la possibilit\u00e9 d\u2019obtenir un rendez-vous sous 48 heures en cas de besoin. Elles peuvent prendre diff\u00e9rentes formes, allant des maisons de sant\u00e9 aux centres m\u00e9dicaux, en passant par des incubateurs solidaires ou des dispositifs mobiles.<\/p>\n<p>Parmi les \u00e9tablissements labellis\u00e9s figurent notamment des centres de sant\u00e9 \u00e0 Lyon, Villeurbanne, Vaulx-en-Velin, Bron ou encore Oullins, ainsi que plusieurs maisons de sant\u00e9 dans l\u2019ouest et le nord du d\u00e9partement. Ce maillage territorial doit contribuer \u00e0 lutter contre les in\u00e9galit\u00e9s d\u2019acc\u00e8s aux soins, dans un contexte de forte tension m\u00e9dicale. De nouveaux financements accompagneront ce d\u00e9ploiement, appel\u00e9 \u00e0 se poursuivre en 2026.<\/p>\n","protected":false},"excerpt":{"rendered":"La pr\u00e9f\u00e8te du Rh\u00f4ne inaugure l\u2019incubateur de sant\u00e9 solidaire de Chabani\u00e8re. L\u2019\u00c9tat et les collectivit\u00e9s locales ont lanc\u00e9&hellip;\n","protected":false},"author":2,"featured_media":697021,"comment_status":"","ping_status":"","sticky":false,"template":"","format":"standard","meta":{"footnotes":""},"categories":[1889],"tags":[1111,11,2430,1777,674,1011,27,2428,12,25],"class_list":{"0":"post-697020","1":"post","2":"type-post","3":"status-publish","4":"format-standard","5":"has-post-thumbnail","7":"category-lyon","8":"tag-actu","9":"tag-actualites","10":"tag-auvergne-rhone-alpes","11":"tag-eu","12":"tag-europe","13":"tag-fr","14":"tag-france","15":"tag-lyon","16":"tag-news","17":"tag-republique-francaise"},"share_on_mastodon":{"url":"https:\/\/pubeurope.com\/@fr\/115977750125882376","error":""},"_links":{"self":[{"href":"https:\/\/www.europesays.com\/fr\/wp-json\/wp\/v2\/posts\/697020","targetHints":{"allow":["GET"]}}],"collection":[{"href":"https:\/\/www.europesays.com\/fr\/wp-json\/wp\/v2\/posts"}],"about":[{"href":"https:\/\/www.europesays.com\/fr\/wp-json\/wp\/v2\/types\/post"}],"author":[{"embeddable":true,"href":"https:\/\/www.europesays.com\/fr\/wp-json\/wp\/v2\/users\/2"}],"replies":[{"embeddable":true,"href":"https:\/\/www.europesays.com\/fr\/wp-json\/wp\/v2\/comments?post=697020"}],"version-history":[{"count":0,"href":"https:\/\/www.europesays.com\/fr\/wp-json\/wp\/v2\/posts\/697020\/revisions"}],"wp:featuredmedia":[{"embeddable":true,"href":"https:\/\/www.europesays.com\/fr\/wp-json\/wp\/v2\/media\/697021"}],"wp:attachment":[{"href":"https:\/\/www.europesays.com\/fr\/wp-json\/wp\/v2\/media?parent=697020"}],"wp:term":[{"taxonomy":"category","embeddable":true,"href":"https:\/\/www.europesays.com\/fr\/wp-json\/wp\/v2\/categories?post=697020"},{"taxonomy":"post_tag","embeddable":true,"href":"https:\/\/www.europesays.com\/fr\/wp-json\/wp\/v2\/tags?post=697020"}],"curies":[{"name":"wp","href":"https:\/\/api.w.org\/{rel}","templated":true}]}}