{"id":697022,"date":"2026-01-29T09:46:15","date_gmt":"2026-01-29T09:46:15","guid":{"rendered":"https:\/\/www.europesays.com\/fr\/697022\/"},"modified":"2026-01-29T09:46:15","modified_gmt":"2026-01-29T09:46:15","slug":"rhone-adolescente-torturee-au-sud-de-lyon-les-mineurs-places-en-detention","status":"publish","type":"post","link":"https:\/\/www.europesays.com\/fr\/697022\/","title":{"rendered":"Rh\u00f4ne. Adolescente tortur\u00e9e au sud de Lyon\u00a0:\u00a0les mineurs plac\u00e9s en d\u00e9tention"},"content":{"rendered":"<p>La r\u00e9ponse judiciaire fait \u00e9cho \u00e0 la gravit\u00e9 des faits. Les cinq personnes pr\u00e9sent\u00e9es ce mercredi ont \u00e9t\u00e9 mises en examen.\u00a0<\/p>\n<p>Le majeur de 19 ans qui aurait convoy\u00e9 victime et auteurs pr\u00e9sum\u00e9s a \u00e9t\u00e9 plac\u00e9 sous contr\u00f4le judiciaire. Compos\u00e9 de deux filles de 14 ans et d\u2019un couple de 17 ans, le quatuor qui est suspect\u00e9 d\u2019avoir pi\u00e9g\u00e9 et battu l&rsquo;adolescente n\u2019\u00e9tait, semble-t-il, pas connu de la justice.<\/p>\n<p>  <strong>Lac\u00e9rations dans le dos<\/strong><\/p>\n<p>La victime, bless\u00e9e \u00e0 la cuisse et souffrant de lac\u00e9rations dans le dos, a \u00e9t\u00e9 secourue vers 5 heures dans la nuit de dimanche \u00e0 lundi, et les interpellations sont toutes survenues dans la journ\u00e9e de lundi, comme l&rsquo;a r\u00e9v\u00e9l\u00e9 Le Progr\u00e8s.\u00a0<\/p>\n<p>Plac\u00e9e dans un foyer d&rsquo;Annecy, elle avait accompagn\u00e9, dimanche, son ex-petit ami de 17 ans jusqu&rsquo;\u00e0 un appartement de la rue Jules-Guesde. Dans cet appartement, o\u00f9 se trouvaient trois filles, dont la nouvelle petite amie du gar\u00e7on, elle a \u00ab subi un premier v\u00e9ritable d\u00e9cha\u00eenement de violences \u00bb et a \u00e9t\u00e9 emmen\u00e9e dans un sous-sol, selon une source polici\u00e8re.<\/p>\n<p>  <strong>S\u00e9vices film\u00e9s<\/strong><\/p>\n<p>L\u00e0, l&rsquo;une des adolescentes lui a plant\u00e9 un couteau dans la cuisse, une autre a asperg\u00e9 son corps du contenu d&rsquo;un extincteur, la br\u00fblant gravement, avant que le groupe ne la d\u00e9shabille et lui entaille le dos \u00e0 de multiples endroits. Son t\u00e9l\u00e9phone lui a en outre \u00e9t\u00e9 extorqu\u00e9 par les auteurs. Elle a r\u00e9ussi \u00e0 s&rsquo;\u00e9chapper et a \u00e9t\u00e9 trouv\u00e9e par des passants lundi \u00e0 l&rsquo;aube, errant ensanglant\u00e9e dans une rue. Les pompiers l&rsquo;ont imm\u00e9diatement prise en charge et transf\u00e9r\u00e9e \u00e0 l&rsquo;h\u00f4pital. Des vid\u00e9os film\u00e9es par les auteurs pr\u00e9sum\u00e9s, qui n&rsquo;\u00e9taient pas connus des services de police, ont \u00e9t\u00e9 saisies.\u00a0<\/p>\n<p>Une information judiciaire a \u00e9t\u00e9 ouverte pour arrestation, enl\u00e8vement, s\u00e9questration ou d\u00e9tention arbitraire avec acte de torture ou de barbarie, extorsion avec arme et recel. \u00ab\u00a0Les investigations se poursuivent d\u00e9sormais sous l\u2019autorit\u00e9 du magistrat instructeur\u00a0\u00bb, pr\u00e9cise le parquet de Lyon ce jeudi matin.<\/p>\n","protected":false},"excerpt":{"rendered":"La r\u00e9ponse judiciaire fait \u00e9cho \u00e0 la gravit\u00e9 des faits. Les cinq personnes pr\u00e9sent\u00e9es ce mercredi ont \u00e9t\u00e9&hellip;\n","protected":false},"author":2,"featured_media":697023,"comment_status":"","ping_status":"","sticky":false,"template":"","format":"standard","meta":{"footnotes":""},"categories":[1889],"tags":[1111,11,2430,271,272,3154,1777,674,274,107,1011,27,2428,12,15665,25,2429],"class_list":{"0":"post-697022","1":"post","2":"type-post","3":"status-publish","4":"format-standard","5":"has-post-thumbnail","7":"category-lyon","8":"tag-actu","9":"tag-actualites","10":"tag-auvergne-rhone-alpes","11":"tag-crime","12":"tag-delit-et-contravention","13":"tag-edition-sud-lyonnais","14":"tag-eu","15":"tag-europe","16":"tag-faits-divers-justice","17":"tag-fil-info","18":"tag-fr","19":"tag-france","20":"tag-lyon","21":"tag-news","22":"tag-oullins-pierre-benite","23":"tag-republique-francaise","24":"tag-rhone"},"share_on_mastodon":{"url":"https:\/\/pubeurope.com\/@fr\/115977753856805328","error":""},"_links":{"self":[{"href":"https:\/\/www.europesays.com\/fr\/wp-json\/wp\/v2\/posts\/697022","targetHints":{"allow":["GET"]}}],"collection":[{"href":"https:\/\/www.europesays.com\/fr\/wp-json\/wp\/v2\/posts"}],"about":[{"href":"https:\/\/www.europesays.com\/fr\/wp-json\/wp\/v2\/types\/post"}],"author":[{"embeddable":true,"href":"https:\/\/www.europesays.com\/fr\/wp-json\/wp\/v2\/users\/2"}],"replies":[{"embeddable":true,"href":"https:\/\/www.europesays.com\/fr\/wp-json\/wp\/v2\/comments?post=697022"}],"version-history":[{"count":0,"href":"https:\/\/www.europesays.com\/fr\/wp-json\/wp\/v2\/posts\/697022\/revisions"}],"wp:featuredmedia":[{"embeddable":true,"href":"https:\/\/www.europesays.com\/fr\/wp-json\/wp\/v2\/media\/697023"}],"wp:attachment":[{"href":"https:\/\/www.europesays.com\/fr\/wp-json\/wp\/v2\/media?parent=697022"}],"wp:term":[{"taxonomy":"category","embeddable":true,"href":"https:\/\/www.europesays.com\/fr\/wp-json\/wp\/v2\/categories?post=697022"},{"taxonomy":"post_tag","embeddable":true,"href":"https:\/\/www.europesays.com\/fr\/wp-json\/wp\/v2\/tags?post=697022"}],"curies":[{"name":"wp","href":"https:\/\/api.w.org\/{rel}","templated":true}]}}