{"id":697028,"date":"2026-01-29T09:50:23","date_gmt":"2026-01-29T09:50:23","guid":{"rendered":"https:\/\/www.europesays.com\/fr\/697028\/"},"modified":"2026-01-29T09:50:23","modified_gmt":"2026-01-29T09:50:23","slug":"toteme-celebre-le-pragmatisme-scandinave-avec-son-defile-a-paris","status":"publish","type":"post","link":"https:\/\/www.europesays.com\/fr\/697028\/","title":{"rendered":"Toteme c\u00e9l\u00e8bre le pragmatisme scandinave avec son d\u00e9fil\u00e9 \u00e0 Paris"},"content":{"rendered":"<p>Seulement une cinquantaine d&rsquo;invit\u00e9s, assis dans deux pi\u00e8ces de leur showroom\u2026 Dans une atmosph\u00e8re r\u00e9solument intimiste, c\u2019est au 204 rue de Rivoli, que le <a href=\"https:\/\/www.vogue.fr\/dossier\/couple\" isautogenerated=\"true\" target=\"_blank\" rel=\"noopener\">couple<\/a> \u00e0 la sc\u00e8ne comme \u00e0 la ville, <strong>Elin Kling<\/strong> et <strong>Karl Lindman<\/strong>, a fait d\u00e9filer la collection <a href=\"https:\/\/www.vogue.fr\/dossier\/automne\" isautogenerated=\"true\" target=\"_blank\" rel=\"noopener\">automne<\/a>&#8211;<a href=\"https:\/\/www.vogue.fr\/dossier\/hiver\" isautogenerated=\"true\" target=\"_blank\" rel=\"noopener\">hiver<\/a> 2026-2027 de leur marque fond\u00e9e il y a maintenant douze ans, <strong>Toteme<\/strong>. Co-fond\u00e9e \u00e0 <a href=\"https:\/\/www.vogue.fr\/dossier\/new-york\" isautogenerated=\"true\" target=\"_blank\" rel=\"noopener\">New York<\/a> et pens\u00e9e selon une approche pragmatique typiquement scandinave, la marque a fait de <a href=\"https:\/\/www.vogue.fr\/dossier\/paris\" isautogenerated=\"true\" target=\"_blank\" rel=\"noopener\">Paris<\/a> sa nouvelle maison, non seulement en y d\u00e9filant depuis janvier 2024, mais aussi en y ouvrant un <a href=\"https:\/\/www.vogue.fr\/galerie\/soiree-vogue-france-toteme-premiere-boutique-marque-suedoise-paris\" target=\"_blank\" rel=\"noopener\">flagship au 27 de la mythique rue du Faubourg Saint-Honor\u00e9<\/a>.<\/p>\n<p><img decoding=\"async\" alt=\"Toteme cl\u00e8bre le pragmatisme scandinave avec son dfil \u00e0 Paris\" loading=\"lazy\" class=\"ResponsiveImageContainer-eNxvmU cfBbTk responsive-image__image\"   src=\"https:\/\/www.europesays.com\/fr\/wp-content\/uploads\/2026\/01\/2x3_TOTEME_FW26_RUNWAY_LOOK17.jpg\"\/><\/p>\n<p>\u201cNotre vie \u00e0 Stockholm nous aide \u00e9norm\u00e9ment. C\u2019est l\u00e0 que nous trouvons notre concentration, et nous sommes entour\u00e9s de notre famille et de nos amis proches. \u00catre quelque peu en retrait de l\u2019effervescence constante de la sc\u00e8ne <a href=\"https:\/\/www.vogue.fr\/dossier\/mode\" isautogenerated=\"true\" target=\"_blank\" rel=\"noopener\">mode<\/a> apporte aussi de la clart\u00e9 : cela nous permet de garder les pieds sur terre et de prendre des d\u00e9cisions avec lucidit\u00e9\u201d, souligne <strong>Elin Kling<\/strong>. D\u00e8s le choix du lieux, qui est non seulement le showroom de la marque mais aussi l&rsquo;ancien Cercle su\u00e9dois et norv\u00e9gien de la rue de Rivoli \u00e9tabli par <strong>Alfred Nobel<\/strong>, le tandem \u00e0 la t\u00eate de Toteme nous plonge directement dans le pragmatisme scandinave. Ici, pas de d\u00e9claration forte, mais un vestiaire ancr\u00e9 dans ce que l\u2019on a envie de porter, pour toute une vie. Une vision pratique et incarn\u00e9e de la mode, dans laquelle chacune peut se projeter, quel que soit son style ou son rythme quotidien. Les lignes et les proportions sont sculpturales et inscrivent l\u2019allure dans la stabilit\u00e9 et la confiance en soi. Laine c\u00f4tel\u00e9e, tailleurs fluides et associations de m\u00e9rinos et de jersey\u2026 Sophistiqu\u00e9 et athl\u00e9tique, le vestiaire transmet une \u00e9motion par le mouvement, rythm\u00e9e par une s\u00e9lection consciente des mati\u00e8res.<\/p>\n<p>Le style s\u2019orchestre autour d\u2019\u00a0\u00bbune garde-robe ancr\u00e9e dans ce que l\u2019on est, plut\u00f4t que dans les tendances. Elle se construit au fil du temps \u00e0 travers des pi\u00e8ces charg\u00e9es de sens personnel, associ\u00e9es \u00e0 des \u00e9l\u00e9ments classiques qui cr\u00e9ent une impression de continuit\u00e9\u00a0\u00bb. Fid\u00e8le \u00e0 ses pi\u00e8ces iconiques, <strong>Toteme<\/strong> les inscrit dans une dimension p\u00e9renne, toujours enrichie d\u2019une touche inattendue, que l\u2019on d\u00e9couvre au fil des mouvements. Noir, gris anthracite, cr\u00e8me et notes de rouge cerise viennent relever cette palette inscrite dans l\u2019intemporalit\u00e9\u2026 Le d\u00e9sormais incontournable sac T-lock poursuit son ascension au sein du vestiaire, d\u00e9clin\u00e9 dans une large palette de variations tandis que les souliers, des slingbacks aux ballerines seconde peau, apportent \u00e0 la silhouette confort et caract\u00e8re. Parmi les nouveaux venus, le Mercer, futur hit de maroquinerie, reprend les lignes d&rsquo;un perfecto en cuir. Une invitation, en somme, \u00e0 \u00eatre soi, sans compromis, \u00e0 travers une garde-robe \u00e0 la fois libre, personnelle et durable.<\/p>\n<p><img decoding=\"async\" alt=\"Toteme cl\u00e8bre le pragmatisme scandinave avec son dfil \u00e0 Paris\" loading=\"lazy\" class=\"ResponsiveImageContainer-eNxvmU cfBbTk responsive-image__image\"   src=\"https:\/\/www.europesays.com\/fr\/wp-content\/uploads\/2026\/01\/2x3_TOTEME_FW26_RUNWAY_LOOK22.jpg\"\/><img decoding=\"async\" alt=\"Toteme cl\u00e8bre le pragmatisme scandinave avec son dfil \u00e0 Paris\" loading=\"lazy\" class=\"ResponsiveImageContainer-eNxvmU cfBbTk responsive-image__image\"   src=\"https:\/\/www.europesays.com\/fr\/wp-content\/uploads\/2026\/01\/2x3_TOTEME_FW26_RUNWAY_LOOK19.jpg\"\/><\/p>\n<p>Plus de <a href=\"https:\/\/www.vogue.fr\/mode\" target=\"_blank\" rel=\"noopener\">mode<\/a> sur Vogue.fr<br \/><a href=\"https:\/\/www.vogue.fr\/article\/toteme-automne-hiver-2024-2025-defile-paris\" target=\"_blank\" rel=\"noopener\">Cette marque que l&rsquo;on adore d\u00e9voile le parfait vestiaire d&rsquo;essentiels mode \u00e0 Paris<\/a><br \/><a href=\"https:\/\/www.vogue.fr\/galerie\/soiree-vogue-france-toteme-premiere-boutique-marque-suedoise-paris\" target=\"_blank\" rel=\"noopener\">Vogue France x TOTEME c\u00e9l\u00e8brent le flagship parisien de la maison su\u00e9doise aux c\u00f4t\u00e9s de Natasha Poly et Camille Cottin<\/a><\/p>\n","protected":false},"excerpt":{"rendered":"Seulement une cinquantaine d&rsquo;invit\u00e9s, assis dans deux pi\u00e8ces de leur showroom\u2026 Dans une atmosph\u00e8re r\u00e9solument intimiste, c\u2019est au&hellip;\n","protected":false},"author":2,"featured_media":697029,"comment_status":"","ping_status":"","sticky":false,"template":"","format":"standard","meta":{"footnotes":""},"categories":[1888],"tags":[1111,1928,11,1927,1777,674,1011,27,985,12,1926,626,1925,25],"class_list":{"0":"post-697028","1":"post","2":"type-post","3":"status-publish","4":"format-standard","5":"has-post-thumbnail","7":"category-paris","8":"tag-actu","9":"tag-actu-paris","10":"tag-actualites","11":"tag-actualites-paris","12":"tag-eu","13":"tag-europe","14":"tag-fr","15":"tag-france","16":"tag-mode","17":"tag-news","18":"tag-news-paris","19":"tag-paris","20":"tag-paris-news","21":"tag-republique-francaise"},"share_on_mastodon":{"url":"https:\/\/pubeurope.com\/@fr\/115977769786305342","error":""},"_links":{"self":[{"href":"https:\/\/www.europesays.com\/fr\/wp-json\/wp\/v2\/posts\/697028","targetHints":{"allow":["GET"]}}],"collection":[{"href":"https:\/\/www.europesays.com\/fr\/wp-json\/wp\/v2\/posts"}],"about":[{"href":"https:\/\/www.europesays.com\/fr\/wp-json\/wp\/v2\/types\/post"}],"author":[{"embeddable":true,"href":"https:\/\/www.europesays.com\/fr\/wp-json\/wp\/v2\/users\/2"}],"replies":[{"embeddable":true,"href":"https:\/\/www.europesays.com\/fr\/wp-json\/wp\/v2\/comments?post=697028"}],"version-history":[{"count":0,"href":"https:\/\/www.europesays.com\/fr\/wp-json\/wp\/v2\/posts\/697028\/revisions"}],"wp:featuredmedia":[{"embeddable":true,"href":"https:\/\/www.europesays.com\/fr\/wp-json\/wp\/v2\/media\/697029"}],"wp:attachment":[{"href":"https:\/\/www.europesays.com\/fr\/wp-json\/wp\/v2\/media?parent=697028"}],"wp:term":[{"taxonomy":"category","embeddable":true,"href":"https:\/\/www.europesays.com\/fr\/wp-json\/wp\/v2\/categories?post=697028"},{"taxonomy":"post_tag","embeddable":true,"href":"https:\/\/www.europesays.com\/fr\/wp-json\/wp\/v2\/tags?post=697028"}],"curies":[{"name":"wp","href":"https:\/\/api.w.org\/{rel}","templated":true}]}}