{"id":697033,"date":"2026-01-29T09:53:23","date_gmt":"2026-01-29T09:53:23","guid":{"rendered":"https:\/\/www.europesays.com\/fr\/697033\/"},"modified":"2026-01-29T09:53:23","modified_gmt":"2026-01-29T09:53:23","slug":"jean-luc-melenchon-souhaite-relancer-les-gazoducs-nord-stream","status":"publish","type":"post","link":"https:\/\/www.europesays.com\/fr\/697033\/","title":{"rendered":"Jean-Luc M\u00e9lenchon souhaite relancer les gazoducs Nord Stream"},"content":{"rendered":"<p>Publi\u00e9 le 29 janvier 2026 \u00e0 10:11 par Isaac Dumas <\/p>\n<p>Jean-Luc M\u00e9lenchon souhaite que la Russie r\u00e9int\u00e8gre les discussions europ\u00e9ennes et r\u00e9clame la remise en service des gazoducs Nord Stream, relan\u00e7ant le d\u00e9bat sur l\u2019ind\u00e9pendance \u00e9nerg\u00e9tique.<\/p>\n<p><img decoding=\"async\"  alt=\"&quot;Ramener la Russie dans le concert europ\u00e9en&quot; : Jean-Luc M\u00e9lenchon souhaite relancer les gazoducs Nord Stream\" class=\"post-figure__img\" src=\"data:image\/png;base64,iVBORw0KGgoAAAANSUhEUgAAAAEAAAABCAQAAAC1HAwCAAAAC0lEQVR42mN8\/B8AAssB5CY77SMAAAAASUVORK5CYII=\"\/><\/p>\n<p>\u00a9 Thierry Monasse\/Getty Images<\/p>\n<p>\u00ab\u00a0Ramener la Russie dans le concert europ\u00e9en\u00a0\u00bb : Jean-Luc M\u00e9lenchon souhaite relancer les gazoducs Nord Stream<\/p>\n<p>\u00c0 lire plus tardSauvegard\u00e9Suivre #Jean-Luc M\u00e9lenchon#Jean-Luc M\u00e9lenchon Suivi<\/p>\n<p class=\"first-paragraph\"><a href=\"https:\/\/www.ohmymag.com\/people\/jean-pierre-darroussin-renouvelle-son-soutien-a-jean-luc-melenchon_art177941.html\" target=\"_blank\" rel=\"noopener\"><strong>Jean-Luc M\u00e9lenchon<\/strong><\/a>, figure centrale de la vie politique fran\u00e7aise et chef de file de<strong> La France insoumise<\/strong>, s\u2019est impos\u00e9 dans le paysage m\u00e9diatique pour ses prises de position directes, souvent pol\u00e9miques. Connu pour s<strong>on engagement \u00e0 gauche<\/strong> et sa d\u00e9fense d\u2019une politique fran\u00e7aise ind\u00e9pendante, il intervient r\u00e9guli\u00e8rement sur les grands sujets internationaux, de la g\u00e9opolitique europ\u00e9enne \u00e0 la crise du pouvoir d\u2019achat. R\u00e9cemment, \u00e0 l\u2019occasion d\u2019une conf\u00e9rence publique \u00e0 Paris, l\u2019ancien candidat \u00e0 la pr\u00e9sidentielle a marqu\u00e9 les esprits\u00a0: alors que l\u2019Europe cherche sa voie \u00e9nerg\u00e9tique depuis le d\u00e9but du conflit en Ukraine et le sabotage des gazoducs Nord Stream en septembre 2022, <a href=\"https:\/\/www.ohmymag.com\/news\/melenchon-retourne-le-grand-remplacement-contre-bardella-un-piege-politique_art178148.html\" target=\"_blank\" rel=\"noopener\"><strong>M\u00e9lenchon<\/strong><\/a><strong> propose un virage strat\u00e9gique audacieux<\/strong>.<\/p>\n<p>Dans cette intervention remarqu\u00e9e, <strong>il a plaid\u00e9 pour la remise en route des gazoducs<\/strong><strong>Nord Stream<\/strong><strong>reliant la Russie \u00e0 l\u2019Europe<\/strong>, propri\u00e9t\u00e9 de Gazprom, et pour une <strong>r\u00e9int\u00e9gration de la Russie dans les relations europ\u00e9ennes<\/strong>. Ce souhait intervient alors que les liens \u00e9nerg\u00e9tiques et diplomatiques entre Moscou et l\u2019Europe sont au plus bas, depuis l\u2019exclusion de la Russie du march\u00e9 europ\u00e9en du gaz et l\u2019instauration de lourdes sanctions. M\u00e9lenchon, souvent accus\u00e9 de sympathie pour la Russie, d\u00e9fend \u00e0 contre-courant l\u2019id\u00e9e d\u2019une Europe cl\u00e9 de vo\u00fbte dans le dialogue\u00a0: <strong>ni align\u00e9e sur Washington, ni ferm\u00e9e \u00e0 Moscou<\/strong>.<\/p>\n<p><strong>Gazoducs Nord Stream\u00a0: Jean-Luc M\u00e9lenchon r\u00e9clame leur r\u00e9ouverture<\/strong><\/p>\n<p>Difficile d\u2019ignorer la port\u00e9e de la proposition de<a href=\"https:\/\/www.ohmymag.com\/people\/actu-people\/pas-survivre-quand-il-n-y-a-que-des-blonds-aux-yeux-bleus-retour-sur-la-phrase-choc-de-jean-luc-melenchon_art177578.html\" target=\"_blank\" rel=\"noopener\"><strong>Jean-Luc M\u00e9lenchon<\/strong><\/a>\u00a0: <strong>r\u00e9activer les flux de gaz russes \u00e0 travers les gazoducs Nord Stream<\/strong>. Lors de sa prise de parole, il a d\u00e9nonc\u00e9 la d\u00e9pendance grandissante de l\u2019Europe envers les \u00c9tats-Unis sur la question \u00e9nerg\u00e9tique, soulignant que le red\u00e9marrage des livraisons par Nord Stream permettrait, selon lui, de <strong>r\u00e9duire consid\u00e9rablement le co\u00fbt de l\u2019\u00e9nergie sur le continent<\/strong>. Ce serait, d\u2019apr\u00e8s <a href=\"https:\/\/www.ohmymag.com\/people\/actu-people\/presidentielle-2027-francois-hollande-pret-a-defier-jean-luc-melenchon_art177218.html\" target=\"_blank\" rel=\"noopener\">M\u00e9lenchon<\/a>, un moyen efficace d\u2019all\u00e9ger la facture pour les m\u00e9nages europ\u00e9ens et d\u2019assurer la s\u00e9curit\u00e9 d\u2019approvisionnement alors que l\u2019hiver s\u2019installe.<\/p>\n<p>Allant plus loin, il a appel\u00e9 \u00e0 ce que <strong>\u00ab\u00a0ceux qui ont sabot\u00e9 Nord Stream soient arr\u00eat\u00e9s et punis\u00a0\u00bb<\/strong>, pla\u00e7ant cette th\u00e9matique au c\u0153ur de la campagne <strong>pr\u00e9-pr\u00e9sidentielle pour 2027<\/strong>. Ce positionnement n\u2019a pas manqu\u00e9 de susciter de vives r\u00e9actions, tant du c\u00f4t\u00e9 de ses soutiens que de ses adversaires, qui lui reprochent r\u00e9guli\u00e8rement une attitude jug\u00e9e trop conciliante envers la Russie. Pourtant, le leader insoumis campe sur ses positions\u00a0: <strong>la<\/strong><strong>Russie<\/strong>, acteur incontournable de l\u2019arc europ\u00e9en, <strong>ne saurait rester \u00e0 l\u2019\u00e9cart du concert continental<\/strong>. Il s\u2019appuie ainsi sur une vision h\u00e9rit\u00e9e de l\u2019\u00e8re gaulliste, celle d\u2019une Europe \u00ab\u00a0de l\u2019Atlantique \u00e0 l\u2019Oural\u00a0\u00bb.<\/p>\n<p><strong>M\u00e9lenchon d\u00e9fend le non-alignement et de nouveaux partenariats strat\u00e9giques<\/strong><\/p>\n<p>Sur le terrain diplomatique, <a href=\"https:\/\/www.ohmymag.com\/people\/actu-people\/jean-luc-melenchon-la-presidentielle-2027-deja-dans-le-viseur_art175706.html\" target=\"_blank\" rel=\"noopener\"><strong>Jean-Luc M\u00e9lenchon<\/strong><\/a> ne se contente pas d\u2019un plaidoyer pour le gaz russe. Il revendique une politique de <strong>non-alignement<\/strong> pour la France, refusant le rapprochement exclusif, que ce soit avec Moscou ou Washington. Cette ligne, d\u00e9j\u00e0 affirm\u00e9e \u00e0 plusieurs reprises, prend une nouvelle dimension avec le contexte de la guerre en Ukraine et la recomposition des alliances g\u00e9opolitiques. M\u00e9lenchon estime qu\u2019<strong>un cap ind\u00e9pendant est indispensable pour ouvrir la France<\/strong> \u00e0 de v\u00e9ritables partenariats, notamment avec la Chine ou l\u2019Inde, m\u00eame si ces \u00c9tats ne partagent pas les valeurs fondamentales fran\u00e7aises.<\/p>\n<p>Le leader insoumis aborde \u00e9galement la question des territoires ukrainiens disput\u00e9s. Sur ce point, il souhaite que<strong> la parole soit donn\u00e9e aux populations locales<\/strong>, annon\u00e7ant\u00a0: \u00ab\u00a0des votes doivent \u00eatre organis\u00e9s dans ces r\u00e9gions pour conna\u00eetre la volont\u00e9 des habitants\u00a0\u00bb. Cette proposition risque d\u2019accro\u00eetre le d\u00e9bat, tant elle touche \u00e0 l\u2019int\u00e9grit\u00e9 territoriale ukrainienne et aux \u00e9quilibres internes europ\u00e9ens.<br \/>Ces sorties m\u00e9diatiques nourrissent les critiques sur la pr\u00e9tendue proximit\u00e9 de <a href=\"https:\/\/www.ohmymag.com\/people\/actu-people\/fortune-de-jean-luc-melenchon-salaire-et-patrimoine_art145268.html\" target=\"_blank\" rel=\"noopener\">M\u00e9lenchon<\/a> avec la Russie, tout en relan\u00e7ant le d\u00e9bat de fond sur la strat\u00e9gie \u00e9nerg\u00e9tique de l\u2019Europe et la place de la France sur la sc\u00e8ne internationale. <strong>L\u2019\u00e9cho de ces positions<\/strong> s\u2019annonce d\u2019ores et d\u00e9j\u00e0 d\u00e9terminant dans la pr\u00e9-campagne pour la pr\u00e9sidentielle \u00e0 venir, alors que la question \u00e9nerg\u00e9tique s\u2019impose comme un enjeu majeur pour les citoyens.<\/p>\n<p>Sources\u00a0: RTL<\/p>\n<p><strong>\u00c0 lire aussi\u00a0:<\/strong><\/p>\n<p><a href=\"https:\/\/www.ohmymag.com\/people\/rachida-dati-revient-sur-les-difficultes-vecues-par-sa-fille-zohra-face-aux-attaques-d-eric-zemmour_art178293.html\" target=\"_blank\" rel=\"noopener\">Rachida Dati revient sur les difficult\u00e9s v\u00e9cues par sa fille Zohra face aux attaques d&rsquo;Eric Zemmour<\/a><\/p>\n<p><a href=\"https:\/\/www.ohmymag.com\/news\/faits-divers\/joel-guerriau-condamne-a-18-mois-de-prison-ferme-pour-soumission-chimique_art178321.html\" target=\"_blank\" rel=\"noopener\">Jo\u00ebl Guerriau condamn\u00e9 \u00e0 18 mois de prison ferme pour soumission chimique<\/a><\/p>\n<p><a href=\"https:\/\/www.ohmymag.com\/people\/actu-people\/jordan-bardella-et-marion-marechal-cette-proximite-remarquee-lors-dune-soiree-politique_art178347.html\" target=\"_blank\" rel=\"noopener\">Jordan Bardella et Marion Mar\u00e9chal : cette proximit\u00e9 remarqu\u00e9e lors d\u2019une soir\u00e9e politique<\/a><\/p>\n","protected":false},"excerpt":{"rendered":"Publi\u00e9 le 29 janvier 2026 \u00e0 10:11 par Isaac Dumas Jean-Luc M\u00e9lenchon souhaite que la Russie r\u00e9int\u00e8gre les&hellip;\n","protected":false},"author":2,"featured_media":697034,"comment_status":"","ping_status":"","sticky":false,"template":"","format":"standard","meta":{"footnotes":""},"categories":[1591],"tags":[11,1887,3081,12,316,1885,1886,132],"class_list":{"0":"post-697033","1":"post","2":"type-post","3":"status-publish","4":"format-standard","5":"has-post-thumbnail","7":"category-russie","8":"tag-actualites","9":"tag-federation-de-russie","10":"tag-jean-luc-melenchon","11":"tag-news","12":"tag-politique","13":"tag-russia","14":"tag-russian-federation","15":"tag-russie"},"share_on_mastodon":{"url":"https:\/\/pubeurope.com\/@fr\/115977781582472854","error":""},"_links":{"self":[{"href":"https:\/\/www.europesays.com\/fr\/wp-json\/wp\/v2\/posts\/697033","targetHints":{"allow":["GET"]}}],"collection":[{"href":"https:\/\/www.europesays.com\/fr\/wp-json\/wp\/v2\/posts"}],"about":[{"href":"https:\/\/www.europesays.com\/fr\/wp-json\/wp\/v2\/types\/post"}],"author":[{"embeddable":true,"href":"https:\/\/www.europesays.com\/fr\/wp-json\/wp\/v2\/users\/2"}],"replies":[{"embeddable":true,"href":"https:\/\/www.europesays.com\/fr\/wp-json\/wp\/v2\/comments?post=697033"}],"version-history":[{"count":0,"href":"https:\/\/www.europesays.com\/fr\/wp-json\/wp\/v2\/posts\/697033\/revisions"}],"wp:featuredmedia":[{"embeddable":true,"href":"https:\/\/www.europesays.com\/fr\/wp-json\/wp\/v2\/media\/697034"}],"wp:attachment":[{"href":"https:\/\/www.europesays.com\/fr\/wp-json\/wp\/v2\/media?parent=697033"}],"wp:term":[{"taxonomy":"category","embeddable":true,"href":"https:\/\/www.europesays.com\/fr\/wp-json\/wp\/v2\/categories?post=697033"},{"taxonomy":"post_tag","embeddable":true,"href":"https:\/\/www.europesays.com\/fr\/wp-json\/wp\/v2\/tags?post=697033"}],"curies":[{"name":"wp","href":"https:\/\/api.w.org\/{rel}","templated":true}]}}