{"id":697035,"date":"2026-01-29T09:54:11","date_gmt":"2026-01-29T09:54:11","guid":{"rendered":"https:\/\/www.europesays.com\/fr\/697035\/"},"modified":"2026-01-29T09:54:11","modified_gmt":"2026-01-29T09:54:11","slug":"guerre-en-ukraine-aussi-important-que-les-chars-lallemagne-doit-voter-une-loi-pour-lutter-contre-le-sabotage-russe","status":"publish","type":"post","link":"https:\/\/www.europesays.com\/fr\/697035\/","title":{"rendered":"Guerre en Ukraine\u00a0: \u00ab\u00a0Aussi important que les chars\u00a0\u00bb, l\u2019Allemagne doit voter une loi pour lutter contre le sabotage russe"},"content":{"rendered":"<p class=\"paragraph text_align_left lp-f-body-02\">Berlin ne veut plus conna\u00eetre une vaste <a href=\"https:\/\/www.leparisien.fr\/international\/allemagne\/a-berlin-des-dizaines-de-milliers-de-foyers-et-des-hopitaux-plonges-dans-le-noir-suite-a-un-incendie-03-01-2026-3NGBV7OU7VAELIMS44ZCBWP52M.php\" target=\"_self\" rel=\"noopener\">coupure d\u2019\u00e9lectricit\u00e9<\/a> comme celle de d\u00e9but janvier. Les <a href=\"https:\/\/www.leparisien.fr\/international\/allemagne\/\" target=\"_self\" rel=\"noopener\">d\u00e9put\u00e9s allemands<\/a> doivent adopter ce jeudi une loi visant \u00e0 mieux prot\u00e9ger les infrastructures critiques, un texte longuement attendu mais aussi critiqu\u00e9, dans <a href=\"https:\/\/www.leparisien.fr\/international\/la-russie-a-intensifie-sa-campagne-de-sabotage-contre-des-cibles-europeennes-et-americaines-selon-un-groupe-de-reflexion-18-03-2025-HKP32HB2FNFWDPYO6SQYKE4FTU.php\" target=\"_self\" rel=\"noopener\">un contexte d\u2019actes de sabotage<\/a>, notamment imput\u00e9s \u00e0 la Russie.<\/p>\n<p class=\"\">\u00c0 partir de 12h15, le Bundestag, la chambre basse du Parlement, se penchera sur le texte voulu par le ministre de l\u2019Int\u00e9rieur, Alexander Dobrindt. \u00ab Nous avons tous vu <a href=\"https:\/\/www.leparisien.fr\/international\/ukraine\/guerre-en-ukraine-ils-envoyaient-des-colis-pieges-pour-lespionnage-russe-deux-hommes-inculpes-en-allemagne-pour-complot-presume-14-01-2026-KDXFJMWF2JCOBAPNW33VNN7IR4.php\" target=\"_self\" rel=\"noopener\">\u00e0 quel point notre soci\u00e9t\u00e9 est vuln\u00e9rable<\/a> et \u00e0 quel point nous d\u00e9pendons de la stabilit\u00e9 des infrastructures de notre pays \u00bb, a insist\u00e9, \u00e0 la veille du vote, le chancelier Friedrich Merz.<\/p>\n<p>1 million d\u2019euros de r\u00e9compense<\/p>\n<p class=\"\">Cette loi arrive trois semaines apr\u00e8s l\u2019incendie criminel d\u2019une installation \u00e9lectrique, attribu\u00e9 \u00e0 un n\u00e9buleux groupe d\u2019extr\u00eame gauche, qui avait <a href=\"https:\/\/www.leparisien.fr\/international\/allemagne\/50-000-foyers-prives-delectricite-a-berlin-la-police-verifie-limplication-dun-groupe-antimilitariste-09-09-2025-WN2IXJPMINDZZLOTNWM3VIS73A.php\" target=\"_self\" rel=\"noopener\">plong\u00e9 dans le noir plus de 100 000 personnes<\/a> dans la capitale allemande. Une r\u00e9compense d\u2019un million d\u2019euros est promise \u00e0 ceux qui aideraient \u00e0 retrouver les auteurs du sabotage.<\/p>\n<p class=\"\">Si cette attaque a mis en \u00e9vidence la vuln\u00e9rabilit\u00e9 de certaines infrastructures critiques, elle n\u2019\u00e9tait pas la premi\u00e8re. Ces derniers mois, des c\u00e2bles de communication, des lignes ferroviaires, <a href=\"https:\/\/www.leparisien.fr\/international\/cyberattaque-les-aeroports-de-bruxelles-berlin-et-heathrow-touches-de-nombreux-vols-annules-ou-retardes-20-09-2025-MY3H7ANFQJHVBE54RNPEDIB4W4.php\" target=\"_self\" rel=\"noopener\">des a\u00e9roports ont \u00e9t\u00e9 vis\u00e9s<\/a> par des sabotages ou <a href=\"https:\/\/www.leparisien.fr\/international\/allemagne\/en-allemagne-un-nouveau-survol-de-drones-dorigine-inconnue-provoque-la-fermeture-dun-aeroport-03-11-2025-BD6CTJTVOVCIHPVWPZP3M2O6CM.php\" target=\"_self\" rel=\"noopener\">des survols de drones<\/a>.<\/p>\n<p class=\"title-embed-dailymotion lp-color-text lp-f-subtitle-04\">Vid\u00e9oUne cyberattaque perturbe les a\u00e9roports de Bruxelles, Berlin et Heathrow<\/p>\n<p class=\"\">Le nouveau texte, qui vise \u00e0 aligner l\u2019<a href=\"https:\/\/www.leparisien.fr\/international\/allemagne\/\" target=\"_self\" rel=\"noopener\">Allemagne<\/a> sur des directives europ\u00e9ennes, obligerait quelque 1 700 prestataires de services essentiels (\u00e9lectricit\u00e9, eau, grands h\u00f4pitaux, certaines cha\u00eenes de supermarch\u00e9s) \u00e0 rep\u00e9rer leurs vuln\u00e9rabilit\u00e9s et muscler leurs d\u00e9fenses pour r\u00e9pondre \u00e0 des attaques pr\u00e9m\u00e9dit\u00e9es, des accidents, des catastrophes naturelles ou une pand\u00e9mie.<\/p>\n<p class=\"\">Les nouvelles r\u00e8gles concernent les acteurs fournissant des services essentiels \u00e0 plus de 500 000 personnes et dont la d\u00e9faillance pourrait entra\u00eener des dangers graves. Les sites concern\u00e9s devront pr\u00e9voir des moyens de protection et des sources d\u2019alimentation \u00e9nerg\u00e9tique de secours.<\/p>\n<p>Une loi \u00ab tardive \u00bb pour \u00ab tromper les gens \u00bb ?<\/p>\n<p class=\"\">Si le gouvernement se f\u00e9licite de ce texte, d\u2019autres, comme le d\u00e9put\u00e9 vert Konstantin von Notz, expert de son parti pour les <a href=\"https:\/\/www.leparisien.fr\/international\/allemagne-un-diplomate-russe-accuse-despionnage-expulse-du-pays-22-01-2026-EXXPMGFWU5AJLNAMX7I53STTP4.php\" target=\"_self\" rel=\"noopener\">questions de s\u00e9curit\u00e9 nationale<\/a>, le jugent insuffisant et \u00ab tardif \u00bb, a-t-il d\u00e9clar\u00e9 \u00e0 l\u2019AFP.<\/p>\n<p class=\"\">En vertu de la nouvelle loi, les exploitants d\u2019installations critiques devront, outre les audits internes et les mesures pr\u00e9ventives, signaler les incidents aux autorit\u00e9s et fournir un rapport d\u00e9taill\u00e9. Ils devront \u00e9galement organiser des formations, des exercices et des actions de sensibilisation pour leur personnel.<\/p>\n<p class=\"\">Probl\u00e8me, les syst\u00e8mes d\u2019infrastructures modernes sont \u00ab si vastes, si complexes et si interd\u00e9pendants \u00bb qu\u2019il est pratiquement impossible de les s\u00e9curiser compl\u00e8tement contre toutes les menaces, explique cependant Daniel Hiller, sp\u00e9cialiste de la s\u00e9curit\u00e9 \u00e0 l\u2019Institut Fraunhofer. \u00ab Quiconque pr\u00e9tend qu\u2019une protection \u00e0 100 % est possible cherche \u00e0 tromper les gens \u00bb, ajoute-t-il.<\/p>\n<p class=\"\">Sabrina Schulz, directrice pour l\u2019Allemagne du groupe de r\u00e9flexion European Initiative, note qu\u2019il faut donc avant tout cr\u00e9er des redondances, c\u2019est-\u00e0-dire des syst\u00e8mes parall\u00e8les capables de prendre le relais d\u2019une installation en panne. Renforcer les infrastructures est \u00ab <a href=\"https:\/\/www.leparisien.fr\/international\/guerre-en-ukraine-des-chars-allemands-seront-livres-a-kiev-26-04-2022-NWGSGZITRFABRMHHPYGELXIDBA.php\" target=\"_self\" rel=\"noopener\">au moins aussi important que les chars<\/a> et les drones, sinon plus \u00bb, dit-elle.<\/p>\n","protected":false},"excerpt":{"rendered":"Berlin ne veut plus conna\u00eetre une vaste coupure d\u2019\u00e9lectricit\u00e9 comme celle de d\u00e9but janvier. Les d\u00e9put\u00e9s allemands doivent&hellip;\n","protected":false},"author":2,"featured_media":697036,"comment_status":"","ping_status":"","sticky":false,"template":"","format":"standard","meta":{"footnotes":""},"categories":[1590],"tags":[11,1777,674,14,12,220],"class_list":{"0":"post-697035","1":"post","2":"type-post","3":"status-publish","4":"format-standard","5":"has-post-thumbnail","7":"category-ukraine","8":"tag-actualites","9":"tag-eu","10":"tag-europe","11":"tag-international","12":"tag-news","13":"tag-ukraine"},"share_on_mastodon":{"url":"https:\/\/pubeurope.com\/@fr\/115977785512822961","error":""},"_links":{"self":[{"href":"https:\/\/www.europesays.com\/fr\/wp-json\/wp\/v2\/posts\/697035","targetHints":{"allow":["GET"]}}],"collection":[{"href":"https:\/\/www.europesays.com\/fr\/wp-json\/wp\/v2\/posts"}],"about":[{"href":"https:\/\/www.europesays.com\/fr\/wp-json\/wp\/v2\/types\/post"}],"author":[{"embeddable":true,"href":"https:\/\/www.europesays.com\/fr\/wp-json\/wp\/v2\/users\/2"}],"replies":[{"embeddable":true,"href":"https:\/\/www.europesays.com\/fr\/wp-json\/wp\/v2\/comments?post=697035"}],"version-history":[{"count":0,"href":"https:\/\/www.europesays.com\/fr\/wp-json\/wp\/v2\/posts\/697035\/revisions"}],"wp:featuredmedia":[{"embeddable":true,"href":"https:\/\/www.europesays.com\/fr\/wp-json\/wp\/v2\/media\/697036"}],"wp:attachment":[{"href":"https:\/\/www.europesays.com\/fr\/wp-json\/wp\/v2\/media?parent=697035"}],"wp:term":[{"taxonomy":"category","embeddable":true,"href":"https:\/\/www.europesays.com\/fr\/wp-json\/wp\/v2\/categories?post=697035"},{"taxonomy":"post_tag","embeddable":true,"href":"https:\/\/www.europesays.com\/fr\/wp-json\/wp\/v2\/tags?post=697035"}],"curies":[{"name":"wp","href":"https:\/\/api.w.org\/{rel}","templated":true}]}}