{"id":697037,"date":"2026-01-29T09:55:10","date_gmt":"2026-01-29T09:55:10","guid":{"rendered":"https:\/\/www.europesays.com\/fr\/697037\/"},"modified":"2026-01-29T09:55:10","modified_gmt":"2026-01-29T09:55:10","slug":"riche-en-mineraux-critiques-le-bresil-courtise-par-les-etats-unis-et-leurope","status":"publish","type":"post","link":"https:\/\/www.europesays.com\/fr\/697037\/","title":{"rendered":"Riche en min\u00e9raux critiques, le Br\u00e9sil \u201ccourtis\u00e9\u201d par les \u00c9tats-Unis et l\u2019Europe"},"content":{"rendered":"\n<p>D\u00e9tenteur de la deuxi\u00e8me plus grande r\u00e9serve mondiale de terres rares \u2013 apr\u00e8s la Chine \u2013 et producteur majeur de plusieurs minerais critiques, indispensables \u00e0 la transition \u00e9nerg\u00e9tique, le Br\u00e9sil est depuis plusieurs mois \u201ccourtis\u00e9\u201d par les \u00c9tats-Unis et l\u2019Union europ\u00e9enne (UE), soucieux de conclure un accord pour \u201cpartager ce tr\u00e9sor\u201d, <a class=\"ithalc\" data-ithal=\"lien_externe\" data-ithalc=\"[nav_article]\" target=\"_blank\" href=\"https:\/\/elpais.com\/america\/2026-01-23\/estados-unidos-y-europa-cortejan-a-brasil-por-sus-minerales-criticos-y-tierras-raras.html\" rel=\"noopener\">explique la correspondante locale du quotidien espagnol <strong>El Pa\u00eds<\/strong><\/a><strong>.<\/strong><\/p>\n<p>Compar\u00e9e par la journaliste aux grandes fi\u00e8vres de l\u2019or, du caf\u00e9 ou du caoutchouc \u2013 et plus r\u00e9cemment du p\u00e9trole \u2013, cette \u201cnouvelle ru\u00e9e\u201d vers les richesses min\u00e9rales conduit le gouvernement du pr\u00e9sident de gauche Lula \u00e0 analyser les offres susceptibles de faire du pays un acteur strat\u00e9gique du secteur, non plus comme \u201csimple fournisseur\u201d, mais comme maillon \u00e0 part enti\u00e8re de cette \u201cprometteuse\u201d cha\u00eene de valeur.<\/p>\n<p>Car le \u201cprincipal obstacle\u201d, pour le Br\u00e9sil, r\u00e9side dans son mod\u00e8le historique\u00a0: le g\u00e9ant sud-am\u00e9ricain s\u2019est jusqu\u2019\u00e0 pr\u00e9sent concentr\u00e9 sur l\u2019extraction et l\u2019exportation de ces mati\u00e8res premi\u00e8res, laissant les phases les plus r\u00e9mun\u00e9ratrices, comme le processus de raffinage, \u201caux mains\u201d d\u2019acteurs \u00e9trangers.<\/p>\n<p>Outre ses gisements de terres rares, le pays figure parmi les dix principaux producteurs mondiaux de nickel, de minerai de fer et de niobium \u2013 dont il concentre pr\u00e8s de 9<\/p>\n","protected":false},"excerpt":{"rendered":"D\u00e9tenteur de la deuxi\u00e8me plus grande r\u00e9serve mondiale de terres rares \u2013 apr\u00e8s la Chine \u2013 et producteur&hellip;\n","protected":false},"author":2,"featured_media":697038,"comment_status":"","ping_status":"","sticky":false,"template":"","format":"standard","meta":{"footnotes":""},"categories":[1589],"tags":[11,3822,19362,73,1866,674,1892,12469,12,2542,770,1864,1865,1863,308],"class_list":{"0":"post-697037","1":"post","2":"type-post","3":"status-publish","4":"format-standard","5":"has-post-thumbnail","7":"category-etats-unis","8":"tag-actualites","9":"tag-amu00e9riques","10":"tag-bru00e9sil","11":"tag-etats-unis","12":"tag-etats-unis-damerique","13":"tag-europe","14":"tag-gu00e9opolitique","15":"tag-minerais","16":"tag-news","17":"tag-u00e9conomie","18":"tag-u00e9tats-unis","19":"tag-united-states","20":"tag-united-states-of-america","21":"tag-us","22":"tag-usa"},"share_on_mastodon":{"url":"https:\/\/pubeurope.com\/@fr\/115977789380322948","error":""},"_links":{"self":[{"href":"https:\/\/www.europesays.com\/fr\/wp-json\/wp\/v2\/posts\/697037","targetHints":{"allow":["GET"]}}],"collection":[{"href":"https:\/\/www.europesays.com\/fr\/wp-json\/wp\/v2\/posts"}],"about":[{"href":"https:\/\/www.europesays.com\/fr\/wp-json\/wp\/v2\/types\/post"}],"author":[{"embeddable":true,"href":"https:\/\/www.europesays.com\/fr\/wp-json\/wp\/v2\/users\/2"}],"replies":[{"embeddable":true,"href":"https:\/\/www.europesays.com\/fr\/wp-json\/wp\/v2\/comments?post=697037"}],"version-history":[{"count":0,"href":"https:\/\/www.europesays.com\/fr\/wp-json\/wp\/v2\/posts\/697037\/revisions"}],"wp:featuredmedia":[{"embeddable":true,"href":"https:\/\/www.europesays.com\/fr\/wp-json\/wp\/v2\/media\/697038"}],"wp:attachment":[{"href":"https:\/\/www.europesays.com\/fr\/wp-json\/wp\/v2\/media?parent=697037"}],"wp:term":[{"taxonomy":"category","embeddable":true,"href":"https:\/\/www.europesays.com\/fr\/wp-json\/wp\/v2\/categories?post=697037"},{"taxonomy":"post_tag","embeddable":true,"href":"https:\/\/www.europesays.com\/fr\/wp-json\/wp\/v2\/tags?post=697037"}],"curies":[{"name":"wp","href":"https:\/\/api.w.org\/{rel}","templated":true}]}}