{"id":697043,"date":"2026-01-29T09:58:12","date_gmt":"2026-01-29T09:58:12","guid":{"rendered":"https:\/\/www.europesays.com\/fr\/697043\/"},"modified":"2026-01-29T09:58:12","modified_gmt":"2026-01-29T09:58:12","slug":"des-ong-alertent-sur-les-cocktails-de-pesticides-dans-les-pommes-en-europe","status":"publish","type":"post","link":"https:\/\/www.europesays.com\/fr\/697043\/","title":{"rendered":"Des ONG alertent sur les cocktails de pesticides dans les pommes en Europe"},"content":{"rendered":"<p>Le collectif PAN Europe, qui rassemble une s\u00e9rie d&rsquo;ONG oppos\u00e9es aux pesticides, a fait analyser une soixantaine de pommes, achet\u00e9es de fa\u00e7on al\u00e9atoire dans treize pays europ\u00e9ens, dont la France, l&rsquo;Espagne, l&rsquo;Italie ou la Pologne. <\/p>\n<p>85% des \u00e9chantillons contenaient plusieurs r\u00e9sidus de pesticides. Certains \u00e9chantillons contenaient jusqu&rsquo;\u00e0 sept r\u00e9sidus de pesticides diff\u00e9rents, s&rsquo;alarment ces organisations.<\/p>\n<p>Dans 71% des cas, PAN Europe a trouv\u00e9 des pesticides class\u00e9s parmi les plus toxiques dans l&rsquo;Union europ\u00e9enne, ceux qui rel\u00e8vent de la cat\u00e9gorie dite de \u00ab\u00a0candidats \u00e0 la substitution\u00a0\u00bb, auxquels l&rsquo;UE voudrait renoncer d\u00e8s que possible.<\/p>\n<p>64% des \u00e9chantillons contiennent au moins un polluant \u00e9ternel (PFAS), ces substances chimiques omnipr\u00e9sentes dans notre quotidien et tr\u00e8s persistantes dans l&rsquo;environnement.<\/p>\n<p>Sous des seuils limites, les r\u00e9sidus de pesticides sont autoris\u00e9s dans l&rsquo;Union europ\u00e9enne. <\/p>\n<p>Mais PAN Europe d\u00e9nonce leur \u00ab\u00a0effet cocktail\u00a0\u00bb, quand le consommateur est expos\u00e9 \u00e0 un m\u00e9lange de plusieurs pesticides dans un m\u00eame produit.<\/p>\n<p>Martin Dermine, l&rsquo;un des responsables de l&rsquo;ONG, reproche ainsi \u00e0 l&rsquo;Autorit\u00e9 europ\u00e9enne de s\u00e9curit\u00e9 des aliments (EFSA) d&rsquo;\u00e9valuer les pesticides s\u00e9par\u00e9ment et pas l&rsquo;impact d&rsquo;une \u00ab\u00a0exposition multiple\u00a0\u00bb \u00e0 une s\u00e9rie de substances.<\/p>\n<p>\u00ab\u00a0Dans ce rapport, nous montrons que 85% des pommes contiennent plusieurs r\u00e9sidus et nous ne savons pas si leur consommation est sans danger ou non\u00a0\u00bb, affirme-t-il, mentionnant de potentiels risques de cancers ou d&rsquo;infertilit\u00e9.<\/p>\n<p>Si ces pommes \u00e9taient vendues comme aliments transform\u00e9s pour b\u00e9b\u00e9s, 93% des \u00e9chantillons ne seraient pas autoris\u00e9s, assure aussi PAN Europe, car les traces de pesticides sont sup\u00e9rieurs aux seuils limites fix\u00e9s pour les enfants de moins de trois ans. <\/p>\n<p>La l\u00e9gislation europ\u00e9enne est en effet plus stricte \u00e0 l&rsquo;\u00e9gard des produits destin\u00e9s aux b\u00e9b\u00e9s afin de prot\u00e9ger leur d\u00e9veloppement. <\/p>\n<p>L&rsquo;ONG conseille d&rsquo;acheter des pommes issues de l&rsquo;agriculture biologique ou de peler les pommes conventionnelles avant de les consommer.<\/p>\n<p>Avec la banane, la pomme est l&rsquo;un des fruits pr\u00e9f\u00e9r\u00e9s des Europ\u00e9ens. C&rsquo;est aussi le plus produit dans l&rsquo;Union europ\u00e9enne, en particulier en Pologne, en Italie et en France.<\/p>\n<p>Et c&rsquo;est l&rsquo;un des fruits les plus trait\u00e9s aux pesticides pour lutter contre des maladies comme la tavelure, principale affection fongique du pommier. C&rsquo;est contre cette maladie que s&rsquo;effectue plus de la moiti\u00e9 des nombreux traitements phytosanitaires annuels, 35 en moyenne.<\/p>\n","protected":false},"excerpt":{"rendered":"Le collectif PAN Europe, qui rassemble une s\u00e9rie d&rsquo;ONG oppos\u00e9es aux pesticides, a fait analyser une soixantaine de&hellip;\n","protected":false},"author":2,"featured_media":697044,"comment_status":"","ping_status":"","sticky":false,"template":"","format":"standard","meta":{"footnotes":""},"categories":[1586],"tags":[5734,11,41124,6844,154,1777,674,1011,27,329,151,12,11356,2091,25,3356],"class_list":{"0":"post-697043","1":"post","2":"type-post","3":"status-publish","4":"format-standard","5":"has-post-thumbnail","7":"category-europe","8":"tag-5734","9":"tag-actualites","10":"tag-alertent","11":"tag-cocktails","12":"tag-des","13":"tag-eu","14":"tag-europe","15":"tag-fr","16":"tag-france","17":"tag-france-monde","18":"tag-les","19":"tag-news","20":"tag-ong","21":"tag-pesticides","22":"tag-republique-francaise","23":"tag-sur"},"share_on_mastodon":{"url":"https:\/\/pubeurope.com\/@fr\/115977801117036322","error":""},"_links":{"self":[{"href":"https:\/\/www.europesays.com\/fr\/wp-json\/wp\/v2\/posts\/697043","targetHints":{"allow":["GET"]}}],"collection":[{"href":"https:\/\/www.europesays.com\/fr\/wp-json\/wp\/v2\/posts"}],"about":[{"href":"https:\/\/www.europesays.com\/fr\/wp-json\/wp\/v2\/types\/post"}],"author":[{"embeddable":true,"href":"https:\/\/www.europesays.com\/fr\/wp-json\/wp\/v2\/users\/2"}],"replies":[{"embeddable":true,"href":"https:\/\/www.europesays.com\/fr\/wp-json\/wp\/v2\/comments?post=697043"}],"version-history":[{"count":0,"href":"https:\/\/www.europesays.com\/fr\/wp-json\/wp\/v2\/posts\/697043\/revisions"}],"wp:featuredmedia":[{"embeddable":true,"href":"https:\/\/www.europesays.com\/fr\/wp-json\/wp\/v2\/media\/697044"}],"wp:attachment":[{"href":"https:\/\/www.europesays.com\/fr\/wp-json\/wp\/v2\/media?parent=697043"}],"wp:term":[{"taxonomy":"category","embeddable":true,"href":"https:\/\/www.europesays.com\/fr\/wp-json\/wp\/v2\/categories?post=697043"},{"taxonomy":"post_tag","embeddable":true,"href":"https:\/\/www.europesays.com\/fr\/wp-json\/wp\/v2\/tags?post=697043"}],"curies":[{"name":"wp","href":"https:\/\/api.w.org\/{rel}","templated":true}]}}