{"id":697053,"date":"2026-01-29T10:03:14","date_gmt":"2026-01-29T10:03:14","guid":{"rendered":"https:\/\/www.europesays.com\/fr\/697053\/"},"modified":"2026-01-29T10:03:14","modified_gmt":"2026-01-29T10:03:14","slug":"julien-quesne-toute-une-saison-pour-faire-le-job","status":"publish","type":"post","link":"https:\/\/www.europesays.com\/fr\/697053\/","title":{"rendered":"Julien Quesne : \u00ab Toute une saison pour faire le job \u00bb"},"content":{"rendered":"<p><strong>Avec qui travaillez-vous votre jeu au quotidien\u00a0?<\/strong><br \/>Je n&rsquo;ai pas de coach avec moi sur place, mais je suis en contact r\u00e9gulier avec les personnes avec qui je bosse, que ce soit <strong>Beno\u00eet Ducoulombier<\/strong>, <strong>Patrick Talon<\/strong> ou <strong>Mathieu Van Hauwe<\/strong>. Je sais que je peux les solliciter quand j&rsquo;ai besoin d&rsquo;un avis, d&rsquo;un conseil. Bien s\u00fbr, la relation avec mes entra\u00eeneurs est diff\u00e9rente d&rsquo;il y a vingt ans\u00a0! Ils ont toujours des choses \u00e0 m&rsquo;apporter, mais honn\u00eatement il n&rsquo;y a pas vraiment de nouveaut\u00e9s\u00a0: je travaille toujours sur les m\u00eames choses. La r\u00e9p\u00e9tition des fondamentaux, c&rsquo;est \u00e7a le quotidien pour un golfeur qui a un peu d&rsquo;exp\u00e9rience. Apr\u00e8s, j&rsquo;entra\u00eene un petit groupe de jeunes ici \u00e0 Cabot Bordeaux\u00a0: <strong>Victor Veyret<\/strong>, <strong>Aubin Lacaze<\/strong>, <strong>Alexandre d&rsquo;Aurelles de Paladines<\/strong> et <strong>Julien Lebrere<\/strong>. Et mine de rien, m\u00eame si je leur apporte beaucoup, ils m&rsquo;apportent beaucoup eux aussi en retour\u00a0! S&rsquo;entra\u00eener seul, c&rsquo;est compliqu\u00e9, donc c&rsquo;est mieux de le faire en groupe pour l&rsquo;\u00e9mulation et la motivation. Quand ils sont l\u00e0, ils me tirent vers le haut parce qu&rsquo;on fait essentiellement des matchs sur le parcours, et j&rsquo;ai toujours envie de leur montrer que je suis l\u00e0\u00a0! Je vois aussi une fa\u00e7on diff\u00e9rente de jouer au golf, je vois un recours beaucoup plus important que moi aux nouvelles technologies, donc au final je me nourris autant d&rsquo;eux qu&rsquo;ils se nourrissent de moi.<\/p>\n<p><strong>\u00c7a va faire dix ans que vous avez perdu la Carte du circuit europ\u00e9en\u00a0: quel regard portez-vous sur cette d\u00e9cennie\u00a0?<\/strong><br \/>Une bonne travers\u00e9e du d\u00e9sert\u00a0! (rires) \u00c7a m&rsquo;a toutefois permis de passer beaucoup de temps en famille, ce qui est une bonne chose car j&rsquo;ai deux gar\u00e7ons qui ont autant besoin de moi que moi d&rsquo;eux. J&rsquo;appr\u00e9hende un peu le fait de repartir pour une saison pleine aux quatre coins de l&rsquo;Europe et m\u00eame au-del\u00e0, car m\u00eame si j&rsquo;ai pas mal voyag\u00e9 en 2025, \u00e7a va \u00eatre encore plus intense cette ann\u00e9e. Il va donc falloir trouver un bon fonctionnement familial, mais je n&rsquo;ai aucune crainte \u00e0 ce sujet. J&rsquo;ai la chance d&rsquo;avoir une femme qui g\u00e8re \u00e9norm\u00e9ment de choses quand je ne suis pas l\u00e0, et qui me soutient compl\u00e8tement\u00a0! Elle ne m&rsquo;a jamais emp\u00each\u00e9 de faire quoi que ce soit, car elle sait que j&rsquo;aime le golf et que j&rsquo;aime la comp\u00e9tition. Elle a confiance en moi, et elle voit que je suis encore performant, donc elle me laisse vivre ma passion jusqu&rsquo;au bout. C&rsquo;est cool de se dire qu&rsquo;\u00e0 45 ans pass\u00e9s, je peux encore \u00eatre \u00e0 la poursuite de mes r\u00eaves\u00a0!<\/p>\n<p><strong>Pour la premi\u00e8re fois depuis bien longtemps, vous allez \u00e9galement faire partie d&rsquo;un clan fran\u00e7ais sur le circuit. C&rsquo;est une perspective agr\u00e9able\u00a0?<\/strong><br \/>C&rsquo;est s\u00fbr\u00a0! Il y a de fortes chances que je sois le doyen sur l&rsquo;HotelPlanner Tour cette ann\u00e9e, m\u00eame s&rsquo;il y aura sans doute deux ou trois anciens. Et, m\u00eame si ce n&rsquo;est pas cool pour eux parce qu&rsquo;ils sont descendus, je suis content \u00e0 l&rsquo;id\u00e9e de retrouver <strong>Benjamin H\u00e9bert<\/strong>, <strong>Alexander Levy<\/strong>, <strong>Cl\u00e9ment Sordet<\/strong> ou <strong>Julien Brun<\/strong>, des gars qui ne sont certes pas aussi \u00e2g\u00e9s que moi, mais avec qui j&rsquo;ai \u00e9volu\u00e9 un peu par le pass\u00e9. On est vraiment soud\u00e9s en tant que Fran\u00e7ais, et mine de rien c&rsquo;est une vraie force. On va \u00eatre un bon contingent, et \u00e7a va \u00eatre une ann\u00e9e sympa\u00a0! Et sans doute pas la derni\u00e8re\u00a0: je verrai o\u00f9 j&rsquo;en suis dans dix mois, pour le moment je ne me dis rien du tout. J&rsquo;aime toujours autant le golf, et d&rsquo;ailleurs je tr\u00e9pigne un peu \u00e0 l&rsquo;id\u00e9e de repartir, car le temps de passe pas assez vite pendant l&rsquo;intersaison\u00a0!<\/p>\n","protected":false},"excerpt":{"rendered":"Avec qui travaillez-vous votre jeu au quotidien\u00a0?Je n&rsquo;ai pas de coach avec moi sur place, mais je suis&hellip;\n","protected":false},"author":2,"featured_media":697054,"comment_status":"","ping_status":"","sticky":false,"template":"","format":"standard","meta":{"footnotes":""},"categories":[1418],"tags":[1011,27,1472,60],"class_list":{"0":"post-697053","1":"post","2":"type-post","3":"status-publish","4":"format-standard","5":"has-post-thumbnail","7":"category-golf","8":"tag-fr","9":"tag-france","10":"tag-golf","11":"tag-sports"},"share_on_mastodon":{"url":"https:\/\/pubeurope.com\/@fr\/115977820719796375","error":""},"_links":{"self":[{"href":"https:\/\/www.europesays.com\/fr\/wp-json\/wp\/v2\/posts\/697053","targetHints":{"allow":["GET"]}}],"collection":[{"href":"https:\/\/www.europesays.com\/fr\/wp-json\/wp\/v2\/posts"}],"about":[{"href":"https:\/\/www.europesays.com\/fr\/wp-json\/wp\/v2\/types\/post"}],"author":[{"embeddable":true,"href":"https:\/\/www.europesays.com\/fr\/wp-json\/wp\/v2\/users\/2"}],"replies":[{"embeddable":true,"href":"https:\/\/www.europesays.com\/fr\/wp-json\/wp\/v2\/comments?post=697053"}],"version-history":[{"count":0,"href":"https:\/\/www.europesays.com\/fr\/wp-json\/wp\/v2\/posts\/697053\/revisions"}],"wp:featuredmedia":[{"embeddable":true,"href":"https:\/\/www.europesays.com\/fr\/wp-json\/wp\/v2\/media\/697054"}],"wp:attachment":[{"href":"https:\/\/www.europesays.com\/fr\/wp-json\/wp\/v2\/media?parent=697053"}],"wp:term":[{"taxonomy":"category","embeddable":true,"href":"https:\/\/www.europesays.com\/fr\/wp-json\/wp\/v2\/categories?post=697053"},{"taxonomy":"post_tag","embeddable":true,"href":"https:\/\/www.europesays.com\/fr\/wp-json\/wp\/v2\/tags?post=697053"}],"curies":[{"name":"wp","href":"https:\/\/api.w.org\/{rel}","templated":true}]}}