{"id":697055,"date":"2026-01-29T10:05:09","date_gmt":"2026-01-29T10:05:09","guid":{"rendered":"https:\/\/www.europesays.com\/fr\/697055\/"},"modified":"2026-01-29T10:05:09","modified_gmt":"2026-01-29T10:05:09","slug":"maxime-lucu-de-nouveau-disponible-mi-fevrier","status":"publish","type":"post","link":"https:\/\/www.europesays.com\/fr\/697055\/","title":{"rendered":"Maxime Lucu de nouveau disponible mi-f\u00e9vrier"},"content":{"rendered":"<p>Sans nouveau p\u00e9pin d\u2019ici l\u00e0, l\u2019absence de Maxime Lucu (33\u00a0ans, 30 s\u00e9lections) pour une entorse du genou droit aura dur\u00e9 5 semaines. Toujours aussi proche de ses co\u00e9quipiers malgr\u00e9 sa blessure, il pourra de nouveau entrer sur le terrain lors de la 17e journ\u00e9e de Top 14, pour la r\u00e9ception de Castres, le samedi 14\u00a0f\u00e9vrier (14\u00a0h\u00a030). Il pourra \u00e9galement esp\u00e9rer rejoindre le XV de France en vue des trois derniers matchs pour la r\u00e9ception de l\u2019Italie (22\u00a0f\u00e9vrier), le d\u00e9placement en \u00c9cosse (7\u00a0mars) et l\u2019affrontement final contre l\u2019Angleterre au Stade de France (14\u00a0mars).<\/p>\n","protected":false},"excerpt":{"rendered":"Sans nouveau p\u00e9pin d\u2019ici l\u00e0, l\u2019absence de Maxime Lucu (33\u00a0ans, 30 s\u00e9lections) pour une entorse du genou droit&hellip;\n","protected":false},"author":2,"featured_media":697056,"comment_status":"","ping_status":"","sticky":false,"template":"","format":"standard","meta":{"footnotes":""},"categories":[1416],"tags":[1011,27,479,1468,60],"class_list":{"0":"post-697055","1":"post","2":"type-post","3":"status-publish","4":"format-standard","5":"has-post-thumbnail","7":"category-rugby","8":"tag-fr","9":"tag-france","10":"tag-rugby","11":"tag-rugby-football","12":"tag-sports"},"share_on_mastodon":{"url":"https:\/\/pubeurope.com\/@fr\/115977828694335627","error":""},"_links":{"self":[{"href":"https:\/\/www.europesays.com\/fr\/wp-json\/wp\/v2\/posts\/697055","targetHints":{"allow":["GET"]}}],"collection":[{"href":"https:\/\/www.europesays.com\/fr\/wp-json\/wp\/v2\/posts"}],"about":[{"href":"https:\/\/www.europesays.com\/fr\/wp-json\/wp\/v2\/types\/post"}],"author":[{"embeddable":true,"href":"https:\/\/www.europesays.com\/fr\/wp-json\/wp\/v2\/users\/2"}],"replies":[{"embeddable":true,"href":"https:\/\/www.europesays.com\/fr\/wp-json\/wp\/v2\/comments?post=697055"}],"version-history":[{"count":0,"href":"https:\/\/www.europesays.com\/fr\/wp-json\/wp\/v2\/posts\/697055\/revisions"}],"wp:featuredmedia":[{"embeddable":true,"href":"https:\/\/www.europesays.com\/fr\/wp-json\/wp\/v2\/media\/697056"}],"wp:attachment":[{"href":"https:\/\/www.europesays.com\/fr\/wp-json\/wp\/v2\/media?parent=697055"}],"wp:term":[{"taxonomy":"category","embeddable":true,"href":"https:\/\/www.europesays.com\/fr\/wp-json\/wp\/v2\/categories?post=697055"},{"taxonomy":"post_tag","embeddable":true,"href":"https:\/\/www.europesays.com\/fr\/wp-json\/wp\/v2\/tags?post=697055"}],"curies":[{"name":"wp","href":"https:\/\/api.w.org\/{rel}","templated":true}]}}