{"id":697057,"date":"2026-01-29T10:06:13","date_gmt":"2026-01-29T10:06:13","guid":{"rendered":"https:\/\/www.europesays.com\/fr\/697057\/"},"modified":"2026-01-29T10:06:13","modified_gmt":"2026-01-29T10:06:13","slug":"se-faire-coiffer-en-tribunes-cest-genial-un-barbier-travaille-avec-vue-sur-court-a-lopen-de-tennis-de-quimper-dans-les-gradins","status":"publish","type":"post","link":"https:\/\/www.europesays.com\/fr\/697057\/","title":{"rendered":"\u00ab\u00a0Se faire coiffer en tribunes, c\u2019est g\u00e9nial\u00a0\u00bb : un barbier travaille avec vue sur court \u00e0 l\u2019Open de tennis de Quimper\u2026 dans les gradins\u00a0!"},"content":{"rendered":"<p>\u00ab\u00a0Une petite coupe (de champagne)\u00a0?\u00a0\u00bb Cette demande n\u2019est d\u00e9sormais plus r\u00e9serv\u00e9e au seul espace VIP de l<a href=\"https:\/\/www.letelegramme.fr\/sports\/tennis\/open-de-quimper-le-tenant-du-titre-sascha-gueymard-wayenburg-assure-pour-son-entree-en-lice-6973754.php\" target=\"_blank\" rel=\"noopener\">\u2019Open de tennis<\/a>. C\u2019est la marque de fabrique de l\u2019\u00e9v\u00e9nement quimp\u00e9rois, \u00e0 chaque \u00e9dition sa nouveaut\u00e9 et son innovation. Apr\u00e8s le chalet l\u2019an pass\u00e9, install\u00e9 dans l\u2019espace village, le Barbier de Kemper a pos\u00e9 ses ciseaux et ses tondeuses, pour cette \u00e9dition, dans les tribunes avec vue sur le court central.<\/p>\n<p>\u00ab\u00a0C\u2019est la seconde \u00e9dition que l\u2019on travaille avec Arzel M\u00e9vellec, le directeur du tournoi. Avec cette nouvelle salle, un nouveau format s\u2019est impos\u00e9 et l\u2019id\u00e9e de coiffer en tribunes, je l\u2019ai trouv\u00e9e vraiment g\u00e9niale\u00a0\u00bb, s\u2019enthousiasme Jordan Lennon, le g\u00e9rant du Barbier de Kemper, install\u00e9 rue du Chapeau-Rouge.<\/p>\n<p>\u00ab\u00a0On coiffe beaucoup de joueurs\u00a0\u00bb<\/p>\n<p>L\u2019affaire a n\u00e9cessit\u00e9 quelques ajustements. Pas question, en effet, de troubler la concentration des joueurs professionnels avec le doux ronronnement d\u2019une tondeuse classique. Pour ce faire, le patron s\u2019est \u00e9quip\u00e9 d\u2019un nouveau mat\u00e9riel silencieux. Quatre personnes constituent la team du barbier et se relaient pour assurer ce service sur-mesure.<\/p>\n<p>D\u00e8s 10\u200ah jusqu\u2019\u00e0 21\u200ah, les clients se pressent en continu pour s\u2019offrir cette exp\u00e9rience in\u00e9dite le temps d\u2019une coupe de cheveux et\/ou d\u2019une barbe. \u00ab\u00a0On coiffe beaucoup de joueurs et de juges de lignes. Ils sont l\u00e0 toute la journ\u00e9e et ils profitent de leur temps de pause pour venir nous voir\u00a0\u00bb, signale le Quimp\u00e9rois, qui propose un tarif \u00ab\u00a0open\u00a0\u00bb \u00e0 15\u200a\u20ac pour la coupe et 25\u200a\u20ac pour la coupe et la barbe. \u00ab\u00a0C\u2019est sans rendez-vous. Premier arriv\u00e9, premier servi\u00a0\u00bb, image le g\u00e9rant.<\/p>\n","protected":false},"excerpt":{"rendered":"\u00ab\u00a0Une petite coupe (de champagne)\u00a0?\u00a0\u00bb Cette demande n\u2019est d\u00e9sormais plus r\u00e9serv\u00e9e au seul espace VIP de l\u2019Open de&hellip;\n","protected":false},"author":2,"featured_media":697058,"comment_status":"","ping_status":"","sticky":false,"template":"","format":"standard","meta":{"footnotes":""},"categories":[1415],"tags":[11,829,765,3321,1011,27,1757,3319,60,1467],"class_list":{"0":"post-697057","1":"post","2":"type-post","3":"status-publish","4":"format-standard","5":"has-post-thumbnail","7":"category-tennis","8":"tag-actualites","9":"tag-bretagne","10":"tag-en-continu","11":"tag-finistere","12":"tag-fr","13":"tag-france","14":"tag-insolite","15":"tag-quimper","16":"tag-sports","17":"tag-tennis"},"share_on_mastodon":{"url":"https:\/\/pubeurope.com\/@fr\/115977832569990763","error":""},"_links":{"self":[{"href":"https:\/\/www.europesays.com\/fr\/wp-json\/wp\/v2\/posts\/697057","targetHints":{"allow":["GET"]}}],"collection":[{"href":"https:\/\/www.europesays.com\/fr\/wp-json\/wp\/v2\/posts"}],"about":[{"href":"https:\/\/www.europesays.com\/fr\/wp-json\/wp\/v2\/types\/post"}],"author":[{"embeddable":true,"href":"https:\/\/www.europesays.com\/fr\/wp-json\/wp\/v2\/users\/2"}],"replies":[{"embeddable":true,"href":"https:\/\/www.europesays.com\/fr\/wp-json\/wp\/v2\/comments?post=697057"}],"version-history":[{"count":0,"href":"https:\/\/www.europesays.com\/fr\/wp-json\/wp\/v2\/posts\/697057\/revisions"}],"wp:featuredmedia":[{"embeddable":true,"href":"https:\/\/www.europesays.com\/fr\/wp-json\/wp\/v2\/media\/697058"}],"wp:attachment":[{"href":"https:\/\/www.europesays.com\/fr\/wp-json\/wp\/v2\/media?parent=697057"}],"wp:term":[{"taxonomy":"category","embeddable":true,"href":"https:\/\/www.europesays.com\/fr\/wp-json\/wp\/v2\/categories?post=697057"},{"taxonomy":"post_tag","embeddable":true,"href":"https:\/\/www.europesays.com\/fr\/wp-json\/wp\/v2\/tags?post=697057"}],"curies":[{"name":"wp","href":"https:\/\/api.w.org\/{rel}","templated":true}]}}