{"id":697061,"date":"2026-01-29T10:11:11","date_gmt":"2026-01-29T10:11:11","guid":{"rendered":"https:\/\/www.europesays.com\/fr\/697061\/"},"modified":"2026-01-29T10:11:11","modified_gmt":"2026-01-29T10:11:11","slug":"victor-wembanyama-a-t-il-pris-un-risque-en-sexprimant-sur-la-situation-a-minneapolis-lequipe","status":"publish","type":"post","link":"https:\/\/www.europesays.com\/fr\/697061\/","title":{"rendered":"Victor Wembanyama a-t-il pris un risque en s&#039;exprimant sur la situation \u00e0 Minneapolis ? &#8211; L&#039;\u00c9quipe"},"content":{"rendered":"<ol>\n<li><a href=\"https:\/\/news.google.com\/rss\/articles\/CBMiywFBVV95cUxPUlUzU1NUUEJ3ZFFFNDRUNDlseWFJOEZvOWFCaG5pTjc0OEo1Tk1kRFB2eTFLNWg3UkUyWXMycXFBWWhheGlIeUtJUm5MeGU1V2FNMjVOTkRJUUZ2Q2p2ZW82WWZ4RUF2bVA2ZWstdTd3ZEVtdWVUMGZ1eC1aNXpEX1ZYUUVrQXdCS1NPVTJYbUhuYUF1c3I1ODdUMGVpMzBWRmxveW9jLTUwMVZGeTJKOUNCQTdZZjNSSWRYZzVjM3pjc01PUWUwdXlRUQ?oc=5\" target=\"_blank\" rel=\"noopener\">Victor Wembanyama a-t-il pris un risque en s&rsquo;exprimant sur la situation \u00e0 Minneapolis ?<\/a>&nbsp;&nbsp;L&rsquo;\u00c9quipe<\/li>\n<li><a href=\"https:\/\/news.google.com\/rss\/articles\/CBMi6AFBVV95cUxQM3Q5dk9kenF0RHl2dFNIUkxvbW1Vbm9GR0F1YnhVTmxlSEc2ZmRYUmVMU1FrSHoyYm0wMFJoQzV2dXluX2lLbGVZSGo0RFZzcEdGNzNhQnRCek83UFdTc1ZxeUlPQjJOY2JIU25tem1pR2ticUdzU2lubjRpUHIxZ0JlODB5WU1uQ1hoc1E2T2p1N25PcURxVlRqaG1NZWRNaGlWS3pFMmVKNDcySGtLcFM5WVZnYjMxbWxHSmpGbi0zZks1ZkpCbGVscEdXUHdMa1JwaVRnSnpDYnhSMjZPdVZNSzIyVGRu?oc=5\" target=\"_blank\" rel=\"noopener\">Mort d\u2019Alex Pretti \u00e0 Minneapolis : les deux agents de la police aux fronti\u00e8res qui ont fait usage de leur arme \u00e0 feu ont \u00e9t\u00e9 suspendus le jour m\u00eame<\/a>&nbsp;&nbsp;Le Monde.fr<\/li>\n<li><a href=\"https:\/\/news.google.com\/rss\/articles\/CBMi0AFBVV95cUxOU2lxZnNGT0RRYUJjSzRUbHdOSWxIUlpCZGtkemJCb2pJbEJnVV9mMUNfdTNnU1BlQngyaHFyejdETk94RVZxQnlLM3RFekFmMlhhdE1ybjRKQ1NJYkJyY096eFhwenJJaWhHUmpKaHNWQkN4eENwcFFBb09uV0ZOMUFsNGo4OVZxYmR3dDlYWklWRnFMLUhqc1FybVRHTjRQVjB4dUxRcGtjOGRmaTk4NjNGUGZiUkRNODFBWUlfR1czRUprRHBDeURpTW5rX2FP?oc=5\" target=\"_blank\" rel=\"noopener\">Natalie Portman, Pedro Pascal, Billie Eilish\u2026 Ces stars am\u00e9ricaines qui d\u00e9noncent les actions de l\u2019ICE<\/a>&nbsp;&nbsp;20 Minutes<\/li>\n<li><a href=\"https:\/\/news.google.com\/rss\/articles\/CBMiZkFVX3lxTFBRb2duME51WkdiclJRZThFeDNoRnNQcS1RM2JBbVdNSi0xNGFHalBodEFoQUZabFFlSDlkUnVaanZfWU5PMjRRV0dXM1JkVHZGNGMwVjU2YVpCS3RqTGtOazUwWG5jdw?oc=5\" target=\"_blank\" rel=\"noopener\">R\u00e9veil Courrier du 29 janvier 2026<\/a>&nbsp;&nbsp;Courrier international<\/li>\n<li><a href=\"https:\/\/news.google.com\/rss\/articles\/CBMi5gFBVV95cUxPQ3h0TTdTd3E1dmppMGx2dDhyYjBWQ3BZZmQ5Z05uZHJtSEl1UVJkSlVIYzNTTnZYZjVQT1FZSm1ieEo1RVdnNTMyZnZRZm9SbFI4cXBSOERsMmVERXhoTGFobF9CeU9JSzdtMXdZQ0gxZEY0LWFrNHo3d04tRGE3MnVtb2EyMnNWZ2dDblhaalBtZmtoYjNYVHlTX2FFcjJEN2o2ajNXVVdwS0ZDcHRDTDZSNUdhSGRzaW9UNExENTNlbnlqemRRT1ZZTExub0prdFh3NHphMEJyYTFpeUJuMXpFbGFIdw?oc=5\" target=\"_blank\" rel=\"noopener\">Apr\u00e8s Minneapolis, les d\u00e9mocrates restent loin d\u2019une opposition en bloc \u00e0 la police de l\u2019immigration<\/a>&nbsp;&nbsp;Mediapart<\/li>\n<\/ol>\n","protected":false},"excerpt":{"rendered":"Victor Wembanyama a-t-il pris un risque en s&rsquo;exprimant sur la situation \u00e0 Minneapolis ?&nbsp;&nbsp;L&rsquo;\u00c9quipe Mort d\u2019Alex Pretti \u00e0&hellip;\n","protected":false},"author":2,"featured_media":697062,"comment_status":"","ping_status":"","sticky":false,"template":"","format":"standard","meta":{"footnotes":""},"categories":[1410],"tags":[63,1011,27,60],"class_list":{"0":"post-697061","1":"post","2":"type-post","3":"status-publish","4":"format-standard","5":"has-post-thumbnail","7":"category-football","8":"tag-football","9":"tag-fr","10":"tag-france","11":"tag-sports"},"share_on_mastodon":{"url":"https:\/\/pubeurope.com\/@fr\/115977852344408452","error":""},"_links":{"self":[{"href":"https:\/\/www.europesays.com\/fr\/wp-json\/wp\/v2\/posts\/697061","targetHints":{"allow":["GET"]}}],"collection":[{"href":"https:\/\/www.europesays.com\/fr\/wp-json\/wp\/v2\/posts"}],"about":[{"href":"https:\/\/www.europesays.com\/fr\/wp-json\/wp\/v2\/types\/post"}],"author":[{"embeddable":true,"href":"https:\/\/www.europesays.com\/fr\/wp-json\/wp\/v2\/users\/2"}],"replies":[{"embeddable":true,"href":"https:\/\/www.europesays.com\/fr\/wp-json\/wp\/v2\/comments?post=697061"}],"version-history":[{"count":0,"href":"https:\/\/www.europesays.com\/fr\/wp-json\/wp\/v2\/posts\/697061\/revisions"}],"wp:featuredmedia":[{"embeddable":true,"href":"https:\/\/www.europesays.com\/fr\/wp-json\/wp\/v2\/media\/697062"}],"wp:attachment":[{"href":"https:\/\/www.europesays.com\/fr\/wp-json\/wp\/v2\/media?parent=697061"}],"wp:term":[{"taxonomy":"category","embeddable":true,"href":"https:\/\/www.europesays.com\/fr\/wp-json\/wp\/v2\/categories?post=697061"},{"taxonomy":"post_tag","embeddable":true,"href":"https:\/\/www.europesays.com\/fr\/wp-json\/wp\/v2\/tags?post=697061"}],"curies":[{"name":"wp","href":"https:\/\/api.w.org\/{rel}","templated":true}]}}