{"id":697065,"date":"2026-01-29T10:13:26","date_gmt":"2026-01-29T10:13:26","guid":{"rendered":"https:\/\/www.europesays.com\/fr\/697065\/"},"modified":"2026-01-29T10:13:26","modified_gmt":"2026-01-29T10:13:26","slug":"gaillac-mere-et-fille-exposent-a-limprimerie-rhode","status":"publish","type":"post","link":"https:\/\/www.europesays.com\/fr\/697065\/","title":{"rendered":"Gaillac. M\u00e8re et fille exposent \u00e0 l\u2019Imprimerie Rhode"},"content":{"rendered":"<p>En 2013 Suzanne Vaucelles a cherch\u00e9 une activit\u00e9 qu\u2019elle puisse pratiquer avec sa fille aquarelliste. \u00c0 78 ans, elle prend le pinceau, fait ses d\u00e9buts dans la peinture au c\u0153ur d\u2019associations locales. Elle commence par l\u2019acrylique gr\u00e2ce aux conseils d\u2019Olivier Bonnelarge puis passe \u00e0 la peinture \u00e0 l\u2019huile avec Fabienne Lebourgeois. Elle d\u00e9couvre la peinture au couteau avec Jo\u00ebl Kurgouale. \u00c0 son \u00e2ge, elle estime avoir peu de temps pour apprendre. De ce fait elle met les bouch\u00e9es doubles, choisit des sujets vari\u00e9s. Son plaisir r\u00e9side dans la cr\u00e9ation du tableau. \u00ab\u00a0Mes tableaux refl\u00e8tent l\u2019amour de la nature que je partage avec ma fille\u00a0\u00bb. M\u00e8re et fille (Guylaine) \u00e0 l\u2019Imprimerie Rhode, un des sites les mieux adapt\u00e9s pour recevoir les peintres gr\u00e2ce au recul sur les toiles et \u00e0 un \u00e9claira judicieux. M\u00e8re et fille se partagent les cimaises et le style. \u00c0 Guylaine l\u2019aquarelle, des paysages d\u2019hiver o\u00f9 la neige devient une carapace pesante, un couvercle herm\u00e9tique qui \u00e9touffe le paysage. Mais surtout des fleurs o\u00f9 la finesse du trait, la po\u00e9sie de la lumi\u00e8re et la d\u00e9licatesse l\u00e9g\u00e8re s\u2019expriment en touches minuscules, comme des gouttelettes de ros\u00e9e. Avec Suzanne et l\u2019huile, c\u2019est la couleur dans ce qu\u2019elle a de cru, rehauss\u00e9e par le luisant du reflet : la touche est griffue, les formes ac\u00e9r\u00e9es comme des lames, la nature d\u2019hiver est une for\u00eat de piques. L\u2019expression est dans le mouvement, le contraste assum\u00e9. Elles se produisent souvent ensemble dans les salons et expositions de la r\u00e9gion. Leurs amis les retrouveront pour quelques mois \u00e0 l\u2019Imprimerie Rhode, aux heures d\u2019ouverture de l\u2019entreprise.<\/p>\n","protected":false},"excerpt":{"rendered":"En 2013 Suzanne Vaucelles a cherch\u00e9 une activit\u00e9 qu\u2019elle puisse pratiquer avec sa fille aquarelliste. \u00c0 78 ans,&hellip;\n","protected":false},"author":2,"featured_media":697066,"comment_status":"","ping_status":"","sticky":false,"template":"","format":"standard","meta":{"footnotes":""},"categories":[1358],"tags":[1348,1384,1385,872,1386,58,59,1349,1011,27,71045,8412],"class_list":{"0":"post-697065","1":"post","2":"type-post","3":"status-publish","4":"format-standard","5":"has-post-thumbnail","7":"category-arts-et-design","8":"tag-arts","9":"tag-arts-and-design","10":"tag-arts-et-design","11":"tag-culture-et-loisirs","12":"tag-design","13":"tag-divertissement","14":"tag-entertainment","15":"tag-expositions","16":"tag-fr","17":"tag-france","18":"tag-gaillac","19":"tag-tarn"},"share_on_mastodon":{"url":"https:\/\/pubeurope.com\/@fr\/115977860064584047","error":""},"_links":{"self":[{"href":"https:\/\/www.europesays.com\/fr\/wp-json\/wp\/v2\/posts\/697065","targetHints":{"allow":["GET"]}}],"collection":[{"href":"https:\/\/www.europesays.com\/fr\/wp-json\/wp\/v2\/posts"}],"about":[{"href":"https:\/\/www.europesays.com\/fr\/wp-json\/wp\/v2\/types\/post"}],"author":[{"embeddable":true,"href":"https:\/\/www.europesays.com\/fr\/wp-json\/wp\/v2\/users\/2"}],"replies":[{"embeddable":true,"href":"https:\/\/www.europesays.com\/fr\/wp-json\/wp\/v2\/comments?post=697065"}],"version-history":[{"count":0,"href":"https:\/\/www.europesays.com\/fr\/wp-json\/wp\/v2\/posts\/697065\/revisions"}],"wp:featuredmedia":[{"embeddable":true,"href":"https:\/\/www.europesays.com\/fr\/wp-json\/wp\/v2\/media\/697066"}],"wp:attachment":[{"href":"https:\/\/www.europesays.com\/fr\/wp-json\/wp\/v2\/media?parent=697065"}],"wp:term":[{"taxonomy":"category","embeddable":true,"href":"https:\/\/www.europesays.com\/fr\/wp-json\/wp\/v2\/categories?post=697065"},{"taxonomy":"post_tag","embeddable":true,"href":"https:\/\/www.europesays.com\/fr\/wp-json\/wp\/v2\/tags?post=697065"}],"curies":[{"name":"wp","href":"https:\/\/api.w.org\/{rel}","templated":true}]}}