{"id":697067,"date":"2026-01-29T10:15:10","date_gmt":"2026-01-29T10:15:10","guid":{"rendered":"https:\/\/www.europesays.com\/fr\/697067\/"},"modified":"2026-01-29T10:15:10","modified_gmt":"2026-01-29T10:15:10","slug":"date-et-heure-de-sortie-episode-4-2","status":"publish","type":"post","link":"https:\/\/www.europesays.com\/fr\/697067\/","title":{"rendered":"date et heure de sortie \u00e9pisode 4"},"content":{"rendered":"<p>Apr\u00e8s trois \u00e9pisodes explosifs, Hijack saison\u202f2<br \/>\nconfirme son ascension comme l\u2019un des thrillers les plus haletants<br \/>\ndu moment. Sam Nelson, toujours pris au pi\u00e8ge d\u2019un d\u00e9tournement qui<br \/>\nle d\u00e9passe, voit la situation lui \u00e9chapper totalement. Alors que la<br \/>\ntension monte sur les rails de Berlin, une question obs\u00e8de les<br \/>\nfans\u202f: quand sort le prochain \u00e9pisode et que va-t-il r\u00e9ellement<br \/>\nraconter\u202f?<\/p>\n<p>Bref r\u00e9sum\u00e9 de l\u2019\u00e9pisode pr\u00e9c\u00e9dent<\/p>\n<p><a href=\"https:\/\/www.melty.fr\/series\/hijack-saison-2-fin-de-lepisode-3-expliquee-2292591.html\" target=\"_blank\" rel=\"noopener\"><br \/>\nL\u2019\u00e9pisode 3 de la saison 2 de Hijack marque un tournant<br \/>\nmajeur dans l\u2019intrigue<\/a>. Apr\u00e8s l\u2019explosion spectaculaire \u00e0 la<br \/>\nstation Alexanderplatz, les autorit\u00e9s croient d\u2019abord \u00e0 un attentat<br \/>\nterroriste ayant co\u00fbt\u00e9 la vie \u00e0 un passager innocent, Freddie. Tr\u00e8s<br \/>\nvite, la v\u00e9rit\u00e9 \u00e9clate\u202f: la valise attach\u00e9e \u00e0 ses mains ne<br \/>\ncontenait aucune bombe. Sam Nelson a en r\u00e9alit\u00e9 orchestr\u00e9 une mise<br \/>\nen sc\u00e8ne \u00e0 l\u2019aide de fumig\u00e8nes afin de forcer la police \u00e0 d\u00e9placer<br \/>\nun train bloquant sa progression.<\/p>\n<p>Mais ce faux attentat masque une r\u00e9alit\u00e9 bien plus sombre.<br \/>\nL\u2019\u00e9pisode r\u00e9v\u00e8le enfin la v\u00e9ritable motivation de Sam\u202f: la mort de<br \/>\nson fils Kai, assassin\u00e9 un an plus t\u00f4t. Convaincu que John<br \/>\nBailey-Brown est responsable, Sam exige d\u00e9sormais la preuve de sa<br \/>\npr\u00e9sence en Allemagne. Lorsqu\u2019il re\u00e7oit une photo confirmant cette<br \/>\ninformation, il pense un instant que le d\u00e9tournement touche \u00e0 sa<br \/>\nfin.<\/p>\n<p>C\u2019est alors que tout bascule. Sam re\u00e7oit une photo de son \u00e9pouse<br \/>\nMarsha, surveill\u00e9e dans sa maison isol\u00e9e en \u00c9cosse, accompagn\u00e9e<br \/>\nd\u2019une menace explicite\u202f: \u00ab\u00a0Am\u00e8ne Bailey-Brown dans le train, ou elle<br \/>\nmeurt\u00a0\u00bb. Sam comprend qu\u2019il est manipul\u00e9 et qu\u2019il n\u2019est qu\u2019un<br \/>\nex\u00e9cutant dans un complot bien plus vaste.<\/p>\n<p>La tension atteint son paroxysme lorsque la d\u00e9couverte d\u2019une<br \/>\nv\u00e9ritable bombe sous le train est confirm\u00e9e. Cette fois, le danger<br \/>\nest r\u00e9el. Pire encore, Freddie est assassin\u00e9 de sang-froid par un<br \/>\nhomme infiltr\u00e9 parmi les passagers, r\u00e9v\u00e9lant l\u2019existence de<br \/>\nv\u00e9ritables terroristes op\u00e9rant dans l\u2019ombre.<\/p>\n<p>Date de sortie du prochain \u00e9pisode de Hijack saison 2<\/p>\n<p>Bonne nouvelle pour les spectateurs\u202f: <a href=\"https:\/\/www.melty.fr\/series\/hijack-saison-2-calendrier-de-sortie-des-episodes-2289310.html\" target=\"_blank\" rel=\"noopener\"><br \/>\nla diffusion de Hijack saison\u202f2 suit un rythme<br \/>\nhebdomadaire r\u00e9gulier sur Apple TV+<\/a>. Apr\u00e8s la sortie de<br \/>\nl\u2019\u00e9pisode 3 fin janvier, le <strong>prochain \u00e9pisode, l\u2019\u00e9pisode<br \/>\n4<\/strong>, est attendu <strong>le mercredi 4 f\u00e9vrier 2026<\/strong><br \/>\nsur la plateforme.<\/p>\n<p>Comme pour les pr\u00e9c\u00e9dents \u00e9pisodes, la mise en ligne se fera<br \/>\nsimultan\u00e9ment dans la plupart des pays, permettant aux abonn\u00e9s<br \/>\nfran\u00e7ais de le d\u00e9couvrir d\u00e8s le matin. Ce calendrier hebdomadaire<br \/>\nentretient volontairement le suspense et laisse aux spectateurs le<br \/>\ntemps d\u2019analyser chaque r\u00e9v\u00e9lation avant la suite.<\/p>\n<p>\u00c0 ce stade de la saison, chaque nouvel \u00e9pisode devient crucial,<br \/>\ntant les enjeux humains, politiques et s\u00e9curitaires sont d\u00e9sormais<br \/>\nentrem\u00eal\u00e9s.<\/p>\n<p>Ce que pourrait raconter le prochain<br \/>\n\u00e9pisode<\/p>\n<p>L\u2019\u00e9pisode 4 devrait approfondir plusieurs axes majeurs laiss\u00e9s<br \/>\nen suspens. Tout d\u2019abord, la pr\u00e9sence d\u2019une bombe r\u00e9elle sous le<br \/>\ntrain impose une urgence absolue. Les autorit\u00e9s devront choisir<br \/>\nentre n\u00e9gociation et intervention, tandis que Sam tentera de gagner<br \/>\ndu temps pour \u00e9viter un massacre.<\/p>\n<p>Ensuite, la manipulation dont Sam est victime devrait \u00eatre<br \/>\nexplor\u00e9e plus en profondeur. Qui orchestre r\u00e9ellement ce<br \/>\nd\u00e9tournement\u202f? Pourquoi Bailey-Brown est-il au centre de toutes les<br \/>\nexigences\u202f? Les soup\u00e7ons se resserrent autour des services de<br \/>\nrenseignement britanniques, notamment apr\u00e8s la disparition de<br \/>\ndonn\u00e9es sensibles li\u00e9es \u00e0 l\u2019entr\u00e9e de Bailey-Brown en<br \/>\nAllemagne.<\/p>\n<p>Le sort de Marsha devrait \u00e9galement devenir un enjeu central.<br \/>\nEst-elle r\u00e9ellement menac\u00e9e ou utilis\u00e9e comme levier<br \/>\npsychologique\u202f? Enfin, les passagers du train, d\u00e9j\u00e0 traumatis\u00e9s par<br \/>\nla mort de Freddie, pourraient commencer \u00e0 se retourner contre Sam,<br \/>\naccentuant encore la pression.<\/p>\n<p>Tout indique que le prochain \u00e9pisode ne sera pas un simple<br \/>\nchapitre de transition, mais une pi\u00e8ce cl\u00e9 du puzzle, capable de<br \/>\nred\u00e9finir compl\u00e8tement les rapports de force de la saison 2.<\/p>\n","protected":false},"excerpt":{"rendered":"Apr\u00e8s trois \u00e9pisodes explosifs, Hijack saison\u202f2 confirme son ascension comme l\u2019un des thrillers les plus haletants du moment.&hellip;\n","protected":false},"author":2,"featured_media":697068,"comment_status":"","ping_status":"","sticky":false,"template":"","format":"standard","meta":{"footnotes":""},"categories":[1356],"tags":[519,58,59,1011,27,252,1364],"class_list":{"0":"post-697067","1":"post","2":"type-post","3":"status-publish","4":"format-standard","5":"has-post-thumbnail","7":"category-television","8":"tag-apple-tv","9":"tag-divertissement","10":"tag-entertainment","11":"tag-fr","12":"tag-france","13":"tag-television","14":"tag-tv"},"share_on_mastodon":{"url":"https:\/\/pubeurope.com\/@fr\/115977868069668218","error":""},"_links":{"self":[{"href":"https:\/\/www.europesays.com\/fr\/wp-json\/wp\/v2\/posts\/697067","targetHints":{"allow":["GET"]}}],"collection":[{"href":"https:\/\/www.europesays.com\/fr\/wp-json\/wp\/v2\/posts"}],"about":[{"href":"https:\/\/www.europesays.com\/fr\/wp-json\/wp\/v2\/types\/post"}],"author":[{"embeddable":true,"href":"https:\/\/www.europesays.com\/fr\/wp-json\/wp\/v2\/users\/2"}],"replies":[{"embeddable":true,"href":"https:\/\/www.europesays.com\/fr\/wp-json\/wp\/v2\/comments?post=697067"}],"version-history":[{"count":0,"href":"https:\/\/www.europesays.com\/fr\/wp-json\/wp\/v2\/posts\/697067\/revisions"}],"wp:featuredmedia":[{"embeddable":true,"href":"https:\/\/www.europesays.com\/fr\/wp-json\/wp\/v2\/media\/697068"}],"wp:attachment":[{"href":"https:\/\/www.europesays.com\/fr\/wp-json\/wp\/v2\/media?parent=697067"}],"wp:term":[{"taxonomy":"category","embeddable":true,"href":"https:\/\/www.europesays.com\/fr\/wp-json\/wp\/v2\/categories?post=697067"},{"taxonomy":"post_tag","embeddable":true,"href":"https:\/\/www.europesays.com\/fr\/wp-json\/wp\/v2\/tags?post=697067"}],"curies":[{"name":"wp","href":"https:\/\/api.w.org\/{rel}","templated":true}]}}