{"id":697080,"date":"2026-01-29T10:22:12","date_gmt":"2026-01-29T10:22:12","guid":{"rendered":"https:\/\/www.europesays.com\/fr\/697080\/"},"modified":"2026-01-29T10:22:12","modified_gmt":"2026-01-29T10:22:12","slug":"huit-familles-et-lassociation-foodwatch-portent-plainte-contre-x-notamment-pour-mise-en-danger-et-tromperie-aggravee","status":"publish","type":"post","link":"https:\/\/www.europesays.com\/fr\/697080\/","title":{"rendered":"huit familles et l&rsquo;association Foodwatch portent plainte contre X, notamment pour mise en danger et tromperie aggrav\u00e9e"},"content":{"rendered":"<p class=\"c-chapo \">\n  Les \u00ab\u00a0fabricants ne pouvaient ignorer les obligations de s\u00e9curit\u00e9 sanitaire qui leur incombent\u00a0\u00bb, a d\u00e9clar\u00e9 l&rsquo;avocat des familles et de l&rsquo;association europ\u00e9enne de d\u00e9fense des consommateurs, Fran\u00e7ois Lafforgue.\n<\/p>\n<p>    Publi\u00e9 le 29\/01\/2026 10:16<\/p>\n<p>      Mis \u00e0 jour le 29\/01\/2026 10:19<\/p>\n<p>        Temps de lecture : 2min<\/p>\n<p>    <img decoding=\"async\"  alt=\"Un rayon de laits infantiles dans un supermarch\u00e9, \u00e0 Auch (Gers), le 6 janvier 2026. (JEAN-MARC BARRERE \/ HANS LUCAS \/ AFP)\" width=\"432\" height=\"243\" src=\"https:\/\/www.europesays.com\/fr\/wp-content\/uploads\/2026\/01\/080-hl-jmbarrere-3034620-697b25df50a45293553893.jpg\" fetchpriority=\"high\"\/><\/p>\n<p>      Un rayon de laits infantiles dans un supermarch\u00e9, \u00e0 Auch (Gers), le 6 janvier 2026. (JEAN-MARC BARRERE \/ HANS LUCAS \/ AFP)<\/p>\n<p>L&rsquo;association Foodwatch a annonc\u00e9, jeudi 29 janvier, \u00e0 l&rsquo;AFP avoir port\u00e9 plainte aupr\u00e8s du parquet de Paris aux c\u00f4t\u00e9s de huit familles accusant les fabricants de <a href=\"https:\/\/www.franceinfo.fr\/sante\/alimentation\/lait-infantile-contamine\/lots-concernes-substance-en-cause-enquetes-on-vous-resume-l-affaire-des-laits-infantiles-contamines_7760465.html\" target=\"_self\" rel=\"noopener noreferrer nofollow\" data-tooltip-url=\"https:\/\/www.franceinfo.fr\/sante\/alimentation\/lait-infantile-contamine\/lots-concernes-substance-en-cause-enquetes-on-vous-resume-l-affaire-des-laits-infantiles-contamines_7760465.html\">laits infantiles<\/a> d&rsquo;avoir tard\u00e9 \u00e0 rappeler leurs lots suspects. La plainte contre X, que l&rsquo;AFP a pu consulter, vise une s\u00e9rie de d\u00e9lits, dont la mise en danger et l&rsquo;atteinte \u00e0 l&rsquo;int\u00e9grit\u00e9 physique des nourrissons, la tromperie aggrav\u00e9e ou le manquement aux obligations de s\u00e9curit\u00e9.<\/p>\n<p>\u00ab\u00a0Les faits sont particuli\u00e8rement graves puisque ces laits contamin\u00e9s \u00e0 la toxine <a href=\"https:\/\/www.franceinfo.fr\/sante\/alimentation\/lait-infantile-contamine\/laits-infantiles-contamines-cinq-questions-sur-le-cereulide-la-toxine-au-c-ur-des-investigations_7765547.html\" target=\"_self\" rel=\"noopener noreferrer nofollow\" data-tooltip-url=\"https:\/\/www.franceinfo.fr\/sante\/alimentation\/lait-infantile-contamine\/laits-infantiles-contamines-cinq-questions-sur-le-cereulide-la-toxine-au-c-ur-des-investigations_7765547.html\">c\u00e9r\u00e9ulide<\/a> sont souvent destin\u00e9s \u00e0 des nourrissons de moins de six mois, parfois des pr\u00e9matur\u00e9s au syst\u00e8me immunitaire d&rsquo;autant plus vuln\u00e9rable\u00a0\u00bb, souligne l&rsquo;association. \u00ab\u00a0Ils ont \u00e9t\u00e9 vendus dans le monde entier par des multinationales qui ont commercialis\u00e9 des produits exposant les b\u00e9b\u00e9s \u00e0 un risque pour leur sant\u00e9. C&rsquo;est hors la loi, et Foodwatch est d\u00e9termin\u00e9e \u00e0 r\u00e9clamer justice et transparence dans cette affaire\u00a0\u00bb, poursuit-elle. Les \u00ab\u00a0fabricants ne pouvaient ignorer les obligations de s\u00e9curit\u00e9 sanitaire qui leur incombent. Nous demandons la plus grande fermet\u00e9 dans cette affaire qui concerne la sant\u00e9 de nourrissons\u00a0\u00bb, a d\u00e9clar\u00e9 l&rsquo;avocat des familles et de l&rsquo;association europ\u00e9enne de d\u00e9fense des consommateurs, Fran\u00e7ois Lafforgue.<\/p>\n<p>Plusieurs industriels, dont les g\u00e9ants Nestl\u00e9 (Guigoz, Nidal), Danone (Bl\u00e9dilait, Gallia) et Lactalis (Picot), mais aussi de plus petits acteurs comme Vitagermine (Babybio Optima), ont proc\u00e9d\u00e9 depuis d\u00e9cembre \u00e0 des rappels de laits infantiles dans plus d&rsquo;une soixantaine de pays au total, dont la France, en raison d&rsquo;un risque de contamination \u00e0 la c\u00e9r\u00e9ulide.<\/p>\n<p>Deux enqu\u00eates p\u00e9nales distinctes ont d\u00e9j\u00e0 \u00e9t\u00e9 ouvertes \u00e0 Angers et Bordeaux apr\u00e8s les d\u00e9c\u00e8s de deux nourrissons ayant consomm\u00e9 un lait infantile rappel\u00e9 par Nestl\u00e9 pour cause de \u00ab\u00a0possible contamination\u00a0\u00bb par une substance d&rsquo;origine bact\u00e9rienne, sans \u00ab\u00a0lien de causalit\u00e9\u00a0\u00bb \u00e9tabli pour l&rsquo;heure, selon les autorit\u00e9s<\/p>\n","protected":false},"excerpt":{"rendered":"Les \u00ab\u00a0fabricants ne pouvaient ignorer les obligations de s\u00e9curit\u00e9 sanitaire qui leur incombent\u00a0\u00bb, a d\u00e9clar\u00e9 l&rsquo;avocat des familles&hellip;\n","protected":false},"author":2,"featured_media":697081,"comment_status":"","ping_status":"","sticky":false,"template":"","format":"standard","meta":{"footnotes":""},"categories":[6],"tags":[35,33,34,1011,27],"class_list":{"0":"post-697080","1":"post","2":"type-post","3":"status-publish","4":"format-standard","5":"has-post-thumbnail","7":"category-economie","8":"tag-business","9":"tag-economie","10":"tag-economy","11":"tag-fr","12":"tag-france"},"share_on_mastodon":{"url":"https:\/\/pubeurope.com\/@fr\/115977896025132249","error":""},"_links":{"self":[{"href":"https:\/\/www.europesays.com\/fr\/wp-json\/wp\/v2\/posts\/697080","targetHints":{"allow":["GET"]}}],"collection":[{"href":"https:\/\/www.europesays.com\/fr\/wp-json\/wp\/v2\/posts"}],"about":[{"href":"https:\/\/www.europesays.com\/fr\/wp-json\/wp\/v2\/types\/post"}],"author":[{"embeddable":true,"href":"https:\/\/www.europesays.com\/fr\/wp-json\/wp\/v2\/users\/2"}],"replies":[{"embeddable":true,"href":"https:\/\/www.europesays.com\/fr\/wp-json\/wp\/v2\/comments?post=697080"}],"version-history":[{"count":0,"href":"https:\/\/www.europesays.com\/fr\/wp-json\/wp\/v2\/posts\/697080\/revisions"}],"wp:featuredmedia":[{"embeddable":true,"href":"https:\/\/www.europesays.com\/fr\/wp-json\/wp\/v2\/media\/697081"}],"wp:attachment":[{"href":"https:\/\/www.europesays.com\/fr\/wp-json\/wp\/v2\/media?parent=697080"}],"wp:term":[{"taxonomy":"category","embeddable":true,"href":"https:\/\/www.europesays.com\/fr\/wp-json\/wp\/v2\/categories?post=697080"},{"taxonomy":"post_tag","embeddable":true,"href":"https:\/\/www.europesays.com\/fr\/wp-json\/wp\/v2\/tags?post=697080"}],"curies":[{"name":"wp","href":"https:\/\/api.w.org\/{rel}","templated":true}]}}