{"id":697082,"date":"2026-01-29T10:23:10","date_gmt":"2026-01-29T10:23:10","guid":{"rendered":"https:\/\/www.europesays.com\/fr\/697082\/"},"modified":"2026-01-29T10:23:10","modified_gmt":"2026-01-29T10:23:10","slug":"melania-trump-illumine-la-bourse-de-new-york","status":"publish","type":"post","link":"https:\/\/www.europesays.com\/fr\/697082\/","title":{"rendered":"Melania Trump illumine la bourse de New York"},"content":{"rendered":"<p>Une symbolique tr\u00e8s forte. Pour la seconde fois de son histoire, <a href=\"https:\/\/www.parismatch.com\/bio\/melania-trump\" target=\"_blank\" rel=\"noopener\">Melania Trump<\/a> a \u00e9t\u00e9 invit\u00e9e \u00e0 sonner la cloche d\u2019ouverture de la Bourse de New York, mercredi 28\u00a0janvier, \u00e0 l\u2019occasion de la sortie de son documentaire, co-produit avec Amazon, <a href=\"https:\/\/www.parismatch.com\/actu\/international\/pourquoi-le-film-de-melania-trump-ne-sortira-pas-en-salles-en-france-263289\" target=\"_blank\" rel=\"noopener\">\u00ab Melania \u00bb<\/a>. Une invitation qui visait aussi \u00e0 marquer la premi\u00e8re ann\u00e9e de son retour \u00e0 la Maison-Blanche, <a href=\"https:\/\/www.parismatch.com\/actu\/international\/loi-sur-le-revenge-porn-enfants-ukrainiens-melania-trump-se-felicite-pour-ses-victoires-de-lannee-2025-262233\" target=\"_blank\" rel=\"noopener\">une \u00ab\u00a0ann\u00e9e marquante de leadership\u00a0\u00bb<\/a>. Mais s\u2019il y a un, la Premi\u00e8re Dame \u00e9tait <a href=\"https:\/\/www.parismatch.com\/actu\/international\/melania-ivanka-et-tiffany-reunies-autour-de-donald-trump-pour-sa-premiere-fois-la-bourse-244650\" target=\"_blank\" rel=\"noopener\">venue avec Ivanka et Tiffany<\/a> pour f\u00e9liciter son mari, <a href=\"https:\/\/www.parismatch.com\/bio\/donald-trump\" target=\"_blank\" rel=\"noopener\">Donald Trump<\/a>, lors de ce moment symbolique, c\u2019est seule &#8211; <a href=\"https:\/\/www.parismatch.com\/Actu\/International\/A-New-York-Melania-Trump-donne-le-coup-d-envoi-de-la-Bourse-1648738\" target=\"_blank\" rel=\"noopener\">comme en 2019<\/a> &#8211; que l\u2019ancienne mannequin a \u00e9t\u00e9 accueillie \u00e0 Wall Street.<\/p>\n<p>Une solitude qui n\u2019a pas emp\u00each\u00e9 Melania Trump de briller &#8211; d\u2019autant que sa chevelure paraissait l\u00e9g\u00e8rement plus blonde que d\u2019ordinaire &#8211; et de prononcer un discours fort. Loin des emportements de son mari, la Premi\u00e8re dame livre depuis quelques jours <a href=\"https:\/\/www.parismatch.com\/actu\/international\/nous-devons-nous-unir-le-tres-rare-appel-de-melania-trump-apres-la-fusillade-de-minneapolis-263638\" target=\"_blank\" rel=\"noopener\">un message d\u2019apaisement<\/a> et d\u2019unit\u00e9. La m\u00e8re de <a href=\"https:\/\/www.parismatch.com\/bio\/barron-trump\" target=\"_blank\" rel=\"noopener\">Barron Trump<\/a> esp\u00e8re ainsi que \u00ab\u00a0Melania\u00a0\u00bb, comme tous les films, va \u00ab\u00a0rassembler familles et amis, assis c\u00f4te \u00e0 c\u00f4te, partageant un moment unique\u00a0\u00bb autour du r\u00e9cit \u00ab\u00a0d\u2019une grande tradition\u00a0\u00bb, d\u2019un \u00ab\u00a0moment historique\u00a0\u00bb, <a href=\"https:\/\/www.parismatch.com\/actu\/international\/investiture-de-donald-trump-washington-notre-direct-en-images-246166\" target=\"_blank\" rel=\"noopener\">la c\u00e9r\u00e9monie d\u2019investiture de Donald Trump<\/a>.<\/p>\n<p>    La suite apr\u00e8s cette publicit\u00e9<\/p>\n<p>\u00ab\u00a0Nous voulons nous sentir humains\u00a0\u00bb<\/p>\n<p>\u00ab\u00a0Ce sera la premi\u00e8re fois dans l\u2019histoire que le public verra les pr\u00e9paratifs de cette c\u00e9r\u00e9monie\u00a0\u00bb, a insist\u00e9 Melania Trump. Rappelant que\u00a0: \u00ab\u00a0Les images et la musique cr\u00e9ent des souvenirs imp\u00e9rissables. \u00c0 quoi pensez-vous quand vous entendez <a href=\"https:\/\/www.parismatch.com\/Culture\/Musique\/Les-Rolling-Stones-sex-drugs-rock-n-roll-1767657\" target=\"_blank\" rel=\"noopener\">les Rolling Stones<\/a>\u00a0? \u00c0 <a href=\"https:\/\/www.parismatch.com\/bio\/michael-jackson\" target=\"_blank\" rel=\"noopener\">Michael Jackson<\/a>\u00a0? L\u2019art de raconter des histoires nourrit la culture et, par cons\u00e9quent, influence les march\u00e9s. Dans un avenir proche, l\u2019influence culturelle comptera autant que la puissance \u00e9conomique. \u00bb<\/p>\n<p>    La suite apr\u00e8s cette publicit\u00e9<\/p>\n<p>\u00ab\u00a0Notre capacit\u00e9 \u00e0 raconter nos histoires et \u00e0 cr\u00e9er un lien \u00e9motionnel avec le public est primordiale. Les gens aspirent \u00e0 \u00eatre touch\u00e9s, a encore poursuivi la Premi\u00e8re dame. Nous avons besoin d\u2019histoires qui inspirent des r\u00eaves, qui offrent de l\u2019espoir, des r\u00e9cits de r\u00e9demption, des histoires tristes, des histoires d\u2019amour et des histoires dr\u00f4les. Nous voulons nous sentir humains.\u00a0\u00bb<\/p>\n<p>Lors de cette c\u00e9r\u00e9monie, la pr\u00e9sidente de la Bourse de New York, Lynn Martin, a remis \u00e0 la Premi\u00e8re dame une m\u00e9daille g\u00e9n\u00e9ralement d\u00e9cern\u00e9e aux orateurs de renom et a d\u00e9clar\u00e9 que, pour la premi\u00e8re fois, Wall Street avait r\u00e9alis\u00e9 une plaque comm\u00e9morative grav\u00e9e pour Melania Trump afin de la f\u00e9liciter pour <a href=\"https:\/\/www.parismatch.com\/actu\/international\/quand-donald-trump-fait-la-publicite-du-film-de-melania-cest-incroyable-262815\" target=\"_blank\" rel=\"noopener\">la sortie de son documentaire<\/a>.<\/p>\n<p>    La suite apr\u00e8s cette publicit\u00e9<\/p>\n<p>    La suite apr\u00e8s cette publicit\u00e9<\/p>\n<p>Des \u00ab\u00a0images exclusives\u00a0\u00bb<\/p>\n<p>Une avant-premi\u00e8re est organis\u00e9e ce jeudi 29\u00a0janvier au <a href=\"https:\/\/www.parismatch.com\/actu\/international\/les-descendants-de-kennedy-furieux-contre-donald-trump-americains-reveillez-vous-261849\" target=\"_blank\" rel=\"noopener\">Trump Kennedy Center<\/a> en pr\u00e9sence du couple pr\u00e9sidentiel avant la sortie mondiale de \u00ab\u00a0Melania\u00a0\u00bb au cin\u00e9ma. Un film co-produit par Melania Trump et Amazon (qui s\u2019est offert l\u2019exclusivit\u00e9 pour 40\u00a0millions et a d\u00e9pens\u00e9 pas moins de 35 millions suppl\u00e9mentaires en frais de promotion) et r\u00e9alis\u00e9 par <a href=\"https:\/\/www.parismatch.com\/People\/Olivia-Munn-et-Natasha-Henstridge-accusent-Brett-Ratner-de-violences-sexuelles-1383905\" target=\"_blank\" rel=\"noopener\">Brett Ratner<\/a> &#8211; en d\u00e9pit des accusations d\u2019\u00ab\u00a0inconduite sexuelle\u00a0\u00bb \u00e0 son encontre.\u00a0<\/p>\n<p><a href=\"https:\/\/www.parismatch.com\/actu\/international\/decouvrez-la-bande-annonce-allechante-du-film-de-melania-trump-dans-les-coulisses-de-sa-vie-de-premiere-dame-261755\" target=\"_blank\" rel=\"noopener\">Le synopsis est, lui, tr\u00e8s clair<\/a>\u00a0: \u00ab\u00a0Plongez dans l\u2019univers de Melania Trump alors qu\u2019elle orchestre les pr\u00e9paratifs de l\u2019investiture, g\u00e8re les complexit\u00e9s de la transition \u00e0 la Maison-Blanche et fait son retour sur la sc\u00e8ne publique avec sa famille. Gr\u00e2ce \u00e0 des images exclusives de r\u00e9unions cruciales, de conversations priv\u00e9es et de lieux in\u00e9dits, \u201cMelania\u201d met en lumi\u00e8re le retour de madame Trump \u00e0 l\u2019un des r\u00f4les les plus influents au monde.<\/p>\n<p>\u00ab\u00a0Melania\u00a0\u00bb ne sortira pas en salles de cin\u00e9ma en France et pour l\u2019heure, Prime Video (la plateforme qui le diffusera en exclusivit\u00e9) n\u2019a pas communiqu\u00e9 de date de sortie.<\/p>\n","protected":false},"excerpt":{"rendered":"Une symbolique tr\u00e8s forte. Pour la seconde fois de son histoire, Melania Trump a \u00e9t\u00e9 invit\u00e9e \u00e0 sonner&hellip;\n","protected":false},"author":2,"featured_media":697083,"comment_status":"","ping_status":"","sticky":false,"template":"","format":"standard","meta":{"footnotes":""},"categories":[5],"tags":[11,1011,27,14,12,28],"class_list":{"0":"post-697082","1":"post","2":"type-post","3":"status-publish","4":"format-standard","5":"has-post-thumbnail","7":"category-international","8":"tag-actualites","9":"tag-fr","10":"tag-france","11":"tag-international","12":"tag-news","13":"tag-world"},"share_on_mastodon":{"url":"https:\/\/pubeurope.com\/@fr\/115977899569692051","error":""},"_links":{"self":[{"href":"https:\/\/www.europesays.com\/fr\/wp-json\/wp\/v2\/posts\/697082","targetHints":{"allow":["GET"]}}],"collection":[{"href":"https:\/\/www.europesays.com\/fr\/wp-json\/wp\/v2\/posts"}],"about":[{"href":"https:\/\/www.europesays.com\/fr\/wp-json\/wp\/v2\/types\/post"}],"author":[{"embeddable":true,"href":"https:\/\/www.europesays.com\/fr\/wp-json\/wp\/v2\/users\/2"}],"replies":[{"embeddable":true,"href":"https:\/\/www.europesays.com\/fr\/wp-json\/wp\/v2\/comments?post=697082"}],"version-history":[{"count":0,"href":"https:\/\/www.europesays.com\/fr\/wp-json\/wp\/v2\/posts\/697082\/revisions"}],"wp:featuredmedia":[{"embeddable":true,"href":"https:\/\/www.europesays.com\/fr\/wp-json\/wp\/v2\/media\/697083"}],"wp:attachment":[{"href":"https:\/\/www.europesays.com\/fr\/wp-json\/wp\/v2\/media?parent=697082"}],"wp:term":[{"taxonomy":"category","embeddable":true,"href":"https:\/\/www.europesays.com\/fr\/wp-json\/wp\/v2\/categories?post=697082"},{"taxonomy":"post_tag","embeddable":true,"href":"https:\/\/www.europesays.com\/fr\/wp-json\/wp\/v2\/tags?post=697082"}],"curies":[{"name":"wp","href":"https:\/\/api.w.org\/{rel}","templated":true}]}}