{"id":697086,"date":"2026-01-29T10:25:11","date_gmt":"2026-01-29T10:25:11","guid":{"rendered":"https:\/\/www.europesays.com\/fr\/697086\/"},"modified":"2026-01-29T10:25:11","modified_gmt":"2026-01-29T10:25:11","slug":"la-region-paca-en-premiere-ligne-des-salaries-sous-le-choc","status":"publish","type":"post","link":"https:\/\/www.europesays.com\/fr\/697086\/","title":{"rendered":"la r\u00e9gion Paca en premi\u00e8re ligne, des salari\u00e9s sous le choc"},"content":{"rendered":"<p>Pour les syndicats, le premier choc n\u2019est pas seulement \u00e9conomique, il est moral.<strong> <\/strong><a href=\"https:\/\/www.laprovence.com\/article\/economie\/75316471706055\/gerald-villeroy-secretaire-central-cgt-d-auchan-retail-nous-avons-gagne-une-bataille-pas-la-guerre\" target=\"_blank\" rel=\"noopener\">G\u00e9rald Villeroy, d\u00e9l\u00e9gu\u00e9 central CGT Auchan Retail <\/a>d\u00e9nonce un \u00ab\u00a0d\u00e9faut de loyaut\u00e9\u00a0\u00bb. Alors que la direction jurait en novembre qu\u2019aucune vente n\u2019\u00e9tait pr\u00e9vue, les salari\u00e9s ont d\u00e9couvert leur sort dans la presse. \u00ab\u00a0On nous a menti. Le sentiment de trahison est immense.\u00a0\u00bb<\/p>\n<p><a href=\"https:\/\/www.laprovence.com\/article\/france-monde\/1213894948093215\/un-vaste-plan-social-en-preparation-chez-le-distributeur-auchan\" target=\"_blank\" rel=\"noopener\">Pour Franck Martineau<\/a>, d\u00e9l\u00e9gu\u00e9 central FO Auchan Retail, le\u00a0discours rassurant de la fin d\u2019ann\u00e9e\u00a02024 n\u2019\u00e9tait qu\u2019une man\u0153uvre de communication pour \u00ab\u00a0redorer l\u2019image de l\u2019entreprise\u00a0\u00bb. Aujourd\u2019hui, 4\u00a0000 \u00e0 5\u00a0000 salari\u00e9s se retrouvent dans l\u2019inconnu, sans \u00ab\u00a0Plan B\u00a0\u00bb si les repreneurs potentie&#8230;<\/p>\n","protected":false},"excerpt":{"rendered":"Pour les syndicats, le premier choc n\u2019est pas seulement \u00e9conomique, il est moral. G\u00e9rald Villeroy, d\u00e9l\u00e9gu\u00e9 central CGT&hellip;\n","protected":false},"author":2,"featured_media":697087,"comment_status":"","ping_status":"","sticky":false,"template":"","format":"standard","meta":{"footnotes":""},"categories":[2],"tags":[5734,11,79209,34016,154,33,1011,27,3052,12,883,3051,16],"class_list":{"0":"post-697086","1":"post","2":"type-post","3":"status-publish","4":"format-standard","5":"has-post-thumbnail","7":"category-actualites","8":"tag-5734","9":"tag-actualites","10":"tag-dauchan","11":"tag-demantelement","12":"tag-des","13":"tag-economie","14":"tag-fr","15":"tag-france","16":"tag-ligne","17":"tag-news","18":"tag-paca","19":"tag-premiere","20":"tag-region"},"share_on_mastodon":{"url":"https:\/\/pubeurope.com\/@fr\/115977907478841841","error":""},"_links":{"self":[{"href":"https:\/\/www.europesays.com\/fr\/wp-json\/wp\/v2\/posts\/697086","targetHints":{"allow":["GET"]}}],"collection":[{"href":"https:\/\/www.europesays.com\/fr\/wp-json\/wp\/v2\/posts"}],"about":[{"href":"https:\/\/www.europesays.com\/fr\/wp-json\/wp\/v2\/types\/post"}],"author":[{"embeddable":true,"href":"https:\/\/www.europesays.com\/fr\/wp-json\/wp\/v2\/users\/2"}],"replies":[{"embeddable":true,"href":"https:\/\/www.europesays.com\/fr\/wp-json\/wp\/v2\/comments?post=697086"}],"version-history":[{"count":0,"href":"https:\/\/www.europesays.com\/fr\/wp-json\/wp\/v2\/posts\/697086\/revisions"}],"wp:featuredmedia":[{"embeddable":true,"href":"https:\/\/www.europesays.com\/fr\/wp-json\/wp\/v2\/media\/697087"}],"wp:attachment":[{"href":"https:\/\/www.europesays.com\/fr\/wp-json\/wp\/v2\/media?parent=697086"}],"wp:term":[{"taxonomy":"category","embeddable":true,"href":"https:\/\/www.europesays.com\/fr\/wp-json\/wp\/v2\/categories?post=697086"},{"taxonomy":"post_tag","embeddable":true,"href":"https:\/\/www.europesays.com\/fr\/wp-json\/wp\/v2\/tags?post=697086"}],"curies":[{"name":"wp","href":"https:\/\/api.w.org\/{rel}","templated":true}]}}