{"id":697088,"date":"2026-01-29T10:26:10","date_gmt":"2026-01-29T10:26:10","guid":{"rendered":"https:\/\/www.europesays.com\/fr\/697088\/"},"modified":"2026-01-29T10:26:10","modified_gmt":"2026-01-29T10:26:10","slug":"celebrez-la-saint-valentin-avec-radio-scoop-a-saint-etienne","status":"publish","type":"post","link":"https:\/\/www.europesays.com\/fr\/697088\/","title":{"rendered":"C\u00e9l\u00e9brez la Saint-Valentin avec Radio SCOOP \u00e0 Saint-\u00c9tienne !"},"content":{"rendered":"<p>Samedi 14 f\u00e9vrier, Radio SCOOP vous donne rendez-vous au centre commercial STEEL \u00e0 Saint-\u00c9tienne pour une Saint-Valentin inoubliable !<\/p>\n<p>Op\u00e9ration Saint-Valentin avec Radio SCOOP <\/p>\n<p>Que vous soyez en couple, c\u00e9libataire ou simplement amoureux de l&rsquo;amour, venez profiter d&rsquo;animations sp\u00e9ciales d\u00e8s 13h. Radio SCOOP installera pour cette journ\u00e9e un d\u00e9cor romantique au coeur du centre commercial de STEEL !<\/p>\n<p>Au programme de cette journ\u00e9e plac\u00e9e sous le signe de l&rsquo;amour :<\/p>\n<p><b>Tableau de mots d&rsquo;amour <\/b> : Laissez un message d&rsquo;amour, une d\u00e9claration ou un mot doux \u00e0 la personne de votre choix.<\/p>\n<p><b>Photobooth<\/b> : Repartez avec un souvenir de cette journ\u00e9e en immortalisant votre amour ou votre amiti\u00e9 !<\/p>\n<p><b>Distribution de ballons<\/b> : Parce que l&rsquo;amour, \u00e7a s&rsquo;affiche aussi en grand !<\/p>\n<p><b>Distribution de mots doux<\/b> : Pour d\u00e9clarer votre flamme \u00e0 quelqu&rsquo;un qui compte pour vous !<\/p>\n<p>Venez nombreux partager un moment magique avec nous ! <\/p>\n<p><b>O\u00f9 ?<\/b> Centre commercial STEEL, Saint-\u00c9tienne. <\/p>\n<p><b>Quand ?<\/b> Samedi14 f\u00e9vrier de 13h \u00e0 17h.<\/p>\n<p>Radio SCOOP c\u00e9l\u00e8bre l&rsquo;amour, et vous ?<\/p>\n<p><b>Suivez-nous aussi sur les r\u00e9seaux sociaux : <a class=\"url\" href=\"https:\/\/www.facebook.com\/RadioScoopLoireHauteLoire\" target=\"_blank\" rel=\"noopener\">Facebook Radio SCOOP<\/a>, <a class=\"url\" href=\"https:\/\/www.instagram.com\/radioscoop\/\" target=\"_blank\" rel=\"noopener\">Instagram radioscoop<\/a>, <a class=\"url\" href=\"https:\/\/www.tiktok.com\/@radioscoopoff\" target=\"_blank\" rel=\"noopener\">TikTok radioscoopoff<\/a>, <a class=\"url\" href=\"https:\/\/www.snapchat.com\/add\/radioscoop\" target=\"_blank\" rel=\"noopener\">Snapchat radioscoop<\/a>, <a class=\"url\" href=\"https:\/\/x.com\/RadioSCOOPOff\" target=\"_blank\">X RadioSCOOPOff<\/a>, <a class=\"url\" href=\"https:\/\/www.youtube.com\/user\/RadioSCOOP\" target=\"_blank\" rel=\"noopener\">YouTube RadioSCOOP<\/a> et <a class=\"url\" href=\"https:\/\/www.linkedin.com\/company\/radio-scoop\/\" target=\"_blank\" rel=\"noopener\">LinkedIn Radio SCOOP<\/a>.<\/b><\/p>\n<p><b>T\u00e9l\u00e9chargez gratuitement l&rsquo;application Radio SCOOP sur <a class=\"url\" href=\"https:\/\/apps.apple.com\/fr\/app\/radio-scoop\/id575262036\" target=\"_blank\" rel=\"noopener\">App Store<\/a> ou <a class=\"url\" href=\"https:\/\/play.google.com\/store\/apps\/details?id=com.radioscoop.app&amp;hl=fr\" target=\"_blank\" rel=\"noopener\">Google Play<\/a>.<\/b><\/p>\n<p><b>Cadeaux, concerts, \u00e9v\u00e9nements&#8230; Soyez inform\u00e9s avant tout le monde ! <br \/>Abonnez-vous \u00e0 la <a class=\"url\" href=\"https:\/\/i5sr.mjt.lu\/wgt\/i5sr\/ur7\/form?c=d375d529\" target=\"_blank\" rel=\"noopener\">newsletter Radio SCOOP<\/a>.<\/b><\/p>\n<p>\n<script async src=\"\/\/www.instagram.com\/embed.js\"><\/script><script async src=\"\/\/www.tiktok.com\/embed.js\"><\/script><\/p>\n","protected":false},"excerpt":{"rendered":"Samedi 14 f\u00e9vrier, Radio SCOOP vous donne rendez-vous au centre commercial STEEL \u00e0 Saint-\u00c9tienne pour une Saint-Valentin inoubliable&hellip;\n","protected":false},"author":2,"featured_media":697089,"comment_status":"","ping_status":"","sticky":false,"template":"","format":"standard","meta":{"footnotes":""},"categories":[9653],"tags":[1111,11,2430,1777,674,1011,27,2428,12,21689,67139,16338,25,4001,72878],"class_list":{"0":"post-697088","1":"post","2":"type-post","3":"status-publish","4":"format-standard","5":"has-post-thumbnail","7":"category-saint-etienne","8":"tag-actu","9":"tag-actualites","10":"tag-auvergne-rhone-alpes","11":"tag-eu","12":"tag-europe","13":"tag-fr","14":"tag-france","15":"tag-lyon","16":"tag-news","17":"tag-opration","18":"tag-place-de-la-rpublique","19":"tag-radio-scoop","20":"tag-republique-francaise","21":"tag-saint-etienne","22":"tag-saint-valentin"},"share_on_mastodon":{"url":"https:\/\/pubeurope.com\/@fr\/115977911296067557","error":""},"_links":{"self":[{"href":"https:\/\/www.europesays.com\/fr\/wp-json\/wp\/v2\/posts\/697088","targetHints":{"allow":["GET"]}}],"collection":[{"href":"https:\/\/www.europesays.com\/fr\/wp-json\/wp\/v2\/posts"}],"about":[{"href":"https:\/\/www.europesays.com\/fr\/wp-json\/wp\/v2\/types\/post"}],"author":[{"embeddable":true,"href":"https:\/\/www.europesays.com\/fr\/wp-json\/wp\/v2\/users\/2"}],"replies":[{"embeddable":true,"href":"https:\/\/www.europesays.com\/fr\/wp-json\/wp\/v2\/comments?post=697088"}],"version-history":[{"count":0,"href":"https:\/\/www.europesays.com\/fr\/wp-json\/wp\/v2\/posts\/697088\/revisions"}],"wp:featuredmedia":[{"embeddable":true,"href":"https:\/\/www.europesays.com\/fr\/wp-json\/wp\/v2\/media\/697089"}],"wp:attachment":[{"href":"https:\/\/www.europesays.com\/fr\/wp-json\/wp\/v2\/media?parent=697088"}],"wp:term":[{"taxonomy":"category","embeddable":true,"href":"https:\/\/www.europesays.com\/fr\/wp-json\/wp\/v2\/categories?post=697088"},{"taxonomy":"post_tag","embeddable":true,"href":"https:\/\/www.europesays.com\/fr\/wp-json\/wp\/v2\/tags?post=697088"}],"curies":[{"name":"wp","href":"https:\/\/api.w.org\/{rel}","templated":true}]}}