{"id":697090,"date":"2026-01-29T10:27:11","date_gmt":"2026-01-29T10:27:11","guid":{"rendered":"https:\/\/www.europesays.com\/fr\/697090\/"},"modified":"2026-01-29T10:27:11","modified_gmt":"2026-01-29T10:27:11","slug":"saint-etienne-7e-des-grandes-villes-ou-il-fait-bon-vivre-en-2026","status":"publish","type":"post","link":"https:\/\/www.europesays.com\/fr\/697090\/","title":{"rendered":"Saint-\u00c9tienne, 7e des grandes villes o\u00f9 il fait bon vivre en 2026"},"content":{"rendered":"<p>Le site \u00ab\u202fVille de r\u00eave\u202f\u00bb vient de publier son classement annuel des villes et villages fran\u00e7ais o\u00f9 il fait bon vivre. Cette ann\u00e9e, Saint-\u00c9tienne d\u00e9croche un score de 76,5\/100, se hissant \u00e0 la 7\u1d49 place sur 21 grandes villes \u00e9valu\u00e9es.<\/p>\n<p>Saint-\u00c9tienne s\u00e9duit par son patrimoine riche, ses espaces verts \u2014 qui repr\u00e9sentent 28\u202f% de la ville \u2014 et son dynamisme culturel et sportif. Avec 140 \u00e9quipements sportifs et une vie associative intense, la ville offre un cadre de vie agr\u00e9able pour tous. Son prix de l\u2019immobilier attractif contribue \u00e9galement \u00e0 rendre la ville accessible aux familles et jeunes actifs.<\/p>\n<p>Pourtant, la ville doit composer avec certains d\u00e9fis : un taux de ch\u00f4mage plus \u00e9lev\u00e9 que la moyenne nationale et une population l\u00e9g\u00e8rement en baisse, qui freinent son attractivit\u00e9. Malgr\u00e9 tout, les St\u00e9phanois restent attach\u00e9s \u00e0 leur ville, fiers de ses atouts et de son authenticit\u00e9.<\/p>\n<p>C\u00f4t\u00e9 mobilit\u00e9, la ville b\u00e9n\u00e9ficie d\u2019une bonne desserte en transports en commun (bus et tramways), de gares nationales et r\u00e9gionales et d\u2019un acc\u00e8s facilit\u00e9 aux grands axes routiers. Il faut environ 1h10 pour rejoindre l\u2019a\u00e9roport de Lyon-Saint-Exup\u00e9ry. Le r\u00e9seau permet des d\u00e9placements rapides vers les grandes villes voisines ou pour des escapades en pleine nature.<\/p>\n<p>Sur le plan \u00e9conomique et \u00e9ducatif, Saint-\u00c9tienne mise sur ses \u00e9coles sup\u00e9rieures et son universit\u00e9, qui attirent chaque ann\u00e9e de nombreux \u00e9tudiants. Sa sc\u00e8ne culturelle s\u2019\u00e9panouit \u00e0 travers festivals, concerts et spectacles, renfor\u00e7ant son attractivit\u00e9 et la qualit\u00e9 de vie locale.<\/p>\n<p>En somme, Saint-\u00c9tienne se confirme comme une ville \u00e9quilibr\u00e9e entre dynamisme, culture et nature, o\u00f9 la qualit\u00e9 de vie prime, malgr\u00e9 quelques d\u00e9fis \u00e0 relever pour continuer \u00e0 s\u00e9duire ses habitants et les nouveaux arrivants.<\/p>\n<p><a href=\"https:\/\/www.villedereve.fr\/ville\/42218-saint-etienne\" target=\"_blank\" rel=\"noopener\">Le classement<\/a><\/p>\n<p>\u00a0<\/p>\n","protected":false},"excerpt":{"rendered":"Le site \u00ab\u202fVille de r\u00eave\u202f\u00bb vient de publier son classement annuel des villes et villages fran\u00e7ais o\u00f9 il&hellip;\n","protected":false},"author":2,"featured_media":697091,"comment_status":"","ping_status":"","sticky":false,"template":"","format":"standard","meta":{"footnotes":""},"categories":[9653],"tags":[1111,11,2430,1777,674,1011,27,12,25,4001],"class_list":{"0":"post-697090","1":"post","2":"type-post","3":"status-publish","4":"format-standard","5":"has-post-thumbnail","7":"category-saint-etienne","8":"tag-actu","9":"tag-actualites","10":"tag-auvergne-rhone-alpes","11":"tag-eu","12":"tag-europe","13":"tag-fr","14":"tag-france","15":"tag-news","16":"tag-republique-francaise","17":"tag-saint-etienne"},"share_on_mastodon":{"url":"https:\/\/pubeurope.com\/@fr\/115977915130819211","error":""},"_links":{"self":[{"href":"https:\/\/www.europesays.com\/fr\/wp-json\/wp\/v2\/posts\/697090","targetHints":{"allow":["GET"]}}],"collection":[{"href":"https:\/\/www.europesays.com\/fr\/wp-json\/wp\/v2\/posts"}],"about":[{"href":"https:\/\/www.europesays.com\/fr\/wp-json\/wp\/v2\/types\/post"}],"author":[{"embeddable":true,"href":"https:\/\/www.europesays.com\/fr\/wp-json\/wp\/v2\/users\/2"}],"replies":[{"embeddable":true,"href":"https:\/\/www.europesays.com\/fr\/wp-json\/wp\/v2\/comments?post=697090"}],"version-history":[{"count":0,"href":"https:\/\/www.europesays.com\/fr\/wp-json\/wp\/v2\/posts\/697090\/revisions"}],"wp:featuredmedia":[{"embeddable":true,"href":"https:\/\/www.europesays.com\/fr\/wp-json\/wp\/v2\/media\/697091"}],"wp:attachment":[{"href":"https:\/\/www.europesays.com\/fr\/wp-json\/wp\/v2\/media?parent=697090"}],"wp:term":[{"taxonomy":"category","embeddable":true,"href":"https:\/\/www.europesays.com\/fr\/wp-json\/wp\/v2\/categories?post=697090"},{"taxonomy":"post_tag","embeddable":true,"href":"https:\/\/www.europesays.com\/fr\/wp-json\/wp\/v2\/tags?post=697090"}],"curies":[{"name":"wp","href":"https:\/\/api.w.org\/{rel}","templated":true}]}}