{"id":697098,"date":"2026-01-29T10:32:11","date_gmt":"2026-01-29T10:32:11","guid":{"rendered":"https:\/\/www.europesays.com\/fr\/697098\/"},"modified":"2026-01-29T10:32:11","modified_gmt":"2026-01-29T10:32:11","slug":"cette-convention-signee-pres-de-montpellier-ouvre-une-nouvelle-vie-a-des-chiens-abandonnes","status":"publish","type":"post","link":"https:\/\/www.europesays.com\/fr\/697098\/","title":{"rendered":"Cette convention sign\u00e9e pr\u00e8s de Montpellier ouvre une nouvelle vie \u00e0 des chiens abandonn\u00e9s"},"content":{"rendered":"<p>                    Par<br \/>\n        <strong><br \/>\n            <a href=\"https:\/\/actu.fr\/auteur\/lea-pippinato\" title=\"Consulter tous les articles de L\u00e9a Pippinato\" target=\"_blank\" rel=\"noopener\">L\u00e9a Pippinato<\/a><br \/>\n                    <\/strong><\/p>\n<p>        Publi\u00e9 le<\/p>\n<p>            29 janv. 2026 \u00e0 11h28        <\/p>\n<p>\u00ab\u00a0Depuis mai 2024, notre ambition a grandi\u00a0\u00bb, confie Annie Benezech, directrice de la SPA de Montpellier, avant la signature d\u2019une convention avec l\u2019association Handi\u2019Chiens, qui ouvre de nouvelles voies pour les chiens d\u2019assistance, leur formation et leur r\u00f4le aupr\u00e8s des personnes handicap\u00e9es.<\/p>\n<p class=\" wall-content\">Dans le hall du refuge bas\u00e9 \u00e0 Villeneuve-l\u00e8s-Maguelone, une poign\u00e9e de mains a scell\u00e9 bien plus qu\u2019un simple accord. <strong>Ce mercredi 28 janvier 2026<\/strong>, <a href=\"https:\/\/actu.fr\/occitanie\/villeneuve-les-maguelone_34337\/hiver-rigoureux-comment-la-spa-de-montpellier-protege-ses-animaux-quand-le-froid-s-installe_63697764.html\" target=\"_blank\" rel=\"noopener\">la SPA de Montpellier<\/a> et l\u2019association Handi\u2019Chiens ont officialis\u00e9 une convention attendue de longue date. L\u2019objectif : offrir \u00e0 certains chiens abandonn\u00e9s une vie au service du handicap et du lien social.<\/p>\n<p>    <a href=\"https:\/\/www.google.com\/maps\/embed?pb=!1m18!1m12!1m3!1d2891.9428461783373!2d3.8174164764568648!3d43.54523327110747!2m3!1f0!2f0!3f0!3m2!1i1024!2i768!4f13.1!3m3!1m2!1s0x12b6ae0243b96a9b%3A0x15420b582c2f9421!2sSPA%20Montpellier%20M%C3%A9diterran%C3%A9e%20M%C3%A9tropole!5e0!3m2!1sfr!2sfr!4v1769635779957!5m2!1sfr!2sfr\" title=\"Ouvrie le lien\" target=\"_blank\" rel=\"noopener\">Cliquez ici pour visualiser le contenu<\/a><\/p>\n<p class=\" wall-content\">\u00ab\u00a0C\u2019est <strong>depuis mai 2024<\/strong> que la SPA a pour ambition la mise en place d\u2019un partenariat qui vise initialement la formation de certains de nos pensionnaires pour devenir des chiens d\u2019assistance\u00a0\u00bb, affirme la pr\u00e9sidente Marie-France Donnadieu. Elle rappelle que l\u2019id\u00e9e repose sur la conviction que \u00ab\u00a0plusieurs chiens sont susceptibles de pr\u00e9senter des pr\u00e9dispositions naturelles en mati\u00e8re de m\u00e9diation animale\u00a0\u00bb et peuvent \u00e9tablir des relations d\u2019aide avec les humains.<\/p>\n<p class=\" wall-content\">Handi\u2019Chiens forme en effet des chiens d\u2019assistance <strong>pour des publics tr\u00e8s vari\u00e9s<\/strong>, des personnes \u00e0 mobilit\u00e9 r\u00e9duite aux personnes avec des troubles du spectre autistique, en passant par l\u2019assistance aux victimes ou \u00e0 des structures collectives.<\/p>\n<p>Vid\u00e9os : en ce moment sur ActuLes missions et la formation selon Handi\u2019Chiens<\/p>\n<p class=\" wall-content\">Selon S\u00e9bastien Dufang, directeur g\u00e9n\u00e9ral d\u2019Handi\u2019Chiens, la structure n\u2019a pas les am\u00e9nagements n\u00e9cessaires pour accueillir un grand nombre de chiens chaque ann\u00e9e : elle peut actuellement former et h\u00e9berger<strong> jusqu\u2019\u00e0 158 chiens par an<\/strong>. \u00ab\u00a0On a des accords, on a fait des tests. Si je prends les derniers en date, on a sorti 4 chiens en 2 ans\u00a0\u00bb, pr\u00e9cise-t-il, soulignant que la cadence d\u00e9pend de l\u2019\u00e9valuation des animaux et de leur aptitude \u00e0 r\u00e9pondre aux crit\u00e8res d\u2019assistance.<\/p>\n<p class=\" wall-content\">La s\u00e9lection repose sur <strong>plusieurs crit\u00e8res essentiels<\/strong>. La taille du chien est importante car il doit \u00eatre adapt\u00e9 au type de handicap auquel il est orient\u00e9, notamment pour les personnes \u00e0 mobilit\u00e9 r\u00e9duite. Certains profils, comme les chiens cat\u00e9goris\u00e9s, sont exclus d\u00e8s le d\u00e9part. Il \u00e9voque aussi la capacit\u00e9 du chien \u00e0 se comporter de fa\u00e7on sociale et ouverte, car une partie de leur r\u00f4le est de favoriser les interactions. \u00ab\u00a0Quand les gens disent \u2018Il est trop mignon, je peux le caresser ?\u2019, le b\u00e9n\u00e9ficiaire entre \u00e0 nouveau en relation aux autres.\u00a0\u00bb<\/p>\n<p>Votre r\u00e9gion, votre actu !<\/p>\n<p>Recevez chaque jour les infos qui comptent pour vous.<\/p>\n<p>\t<a href=\"https:\/\/actu.fr\/newsletter\" class=\"ac-btn ac-btn--corner ac-btn--medium ac-btn--blue800\" target=\"_blank\" rel=\"noopener\">S&rsquo;incrire<\/a><\/p>\n<blockquote class=\"ac-article-quote wall-content\">\n<p>\u00ab\u00a0Quand les gens disent &lsquo;Il est trop mignon, je peux le caresser ?&rsquo;, le b\u00e9n\u00e9ficiaire entre \u00e0 nouveau en relation aux autres\u00a0\u00bb<\/p>\n<p>    <strong>S\u00e9bastien Dufang<\/strong><br \/>\n        Directeur g\u00e9n\u00e9ral de l&rsquo;association Handi&rsquo;Chiens    <\/p><\/blockquote>\n<p>Approche bien-\u00eatre animal et bin\u00f4mes humains-chiens<\/p>\n<p class=\" wall-content\">Au c\u0153ur de la collaboration, les deux structures partagent une m\u00eame vision du bien-\u00eatre animal comme levier d\u2019accompagnement. Pour Annie Benezech, directrice de la SPA de Montpellier, ce partenariat repose aussi sur <strong>l\u2019expertise des \u00e9ducateurs canins du refuge<\/strong>, pleinement associ\u00e9s au dispositif. \u00ab\u00a0Ils connaissent les chiens, leur histoire, leurs r\u00e9actions. L\u2019id\u00e9e, c\u2019est que quand les formateurs viennent, on leur pr\u00e9sente un ou deux chiens et qu\u2019on soit quasiment s\u00fbrs de ne pas se tromper.\u00a0\u00bb\u00a0<\/p>\n<p>    <img   decoding=\"async\" loading=\"lazy\" src=\"https:\/\/www.europesays.com\/fr\/wp-content\/uploads\/2026\/01\/tempimage5zcibb-960x640.jpg\" alt=\"Les \u00e9ducateurs canins de la SPA de Montpellier participent \u00e0 la s\u00e9lection des chiens pouvant r\u00e9pondre aux crit\u00e8res des chiens d\u2019assistance Handi'Chiens.\" width=\"960\" height=\"640\"\/><br \/>\n    Les \u00e9ducateurs canins de la SPA de Montpellier participent \u00e0 la s\u00e9lection des chiens pouvant r\u00e9pondre aux crit\u00e8res des chiens d\u2019assistance Handi\u2019Chiens. (\u00a9M\u00e9tropolitain \/ LP)<\/p>\n<p class=\" wall-content\">La convention pr\u00e9voit aussi un accompagnement pr\u00e9cis pour chaque chien engag\u00e9 dans le parcours. Si l\u2019\u00e9ducation montre qu\u2019un chien ne peut pas aller jusqu\u2019\u00e0 une mission d\u2019assistance, Handi\u2019Chiens s\u2019engage \u00e0 lui trouver une famille d\u2019adoption adapt\u00e9e.<\/p>\n<p class=\" wall-content\"><strong>Pour les chiens issus de refuges<\/strong>, le protocole diff\u00e8re du sch\u00e9ma classique. \u00ab\u00a0Pour \u00e9viter qu\u2019ils dorment en box et que \u00e7a ravive des traumatismes, ils vivent chez des familles marraines et viennent travailler la journ\u00e9e avec les \u00e9ducateurs\u00a0\u00bb, pr\u00e9cise S\u00e9bastien Dufang. Une organisation pens\u00e9e pour pr\u00e9server leur \u00e9quilibre \u00e9motionnel.<\/p>\n<blockquote class=\"ac-article-quote wall-content\">\n<p>\u00ab\u00a0Pour \u00e9viter qu\u2019ils dorment en box et que \u00e7a ravive des traumatismes, ils vivent chez des familles marraines et viennent travailler la journ\u00e9e avec les \u00e9ducateurs\u00a0\u00bb<\/p>\n<p>    <strong>S\u00e9bastien Dufang<\/strong><br \/>\n        Directeur g\u00e9n\u00e9ral de l&rsquo;association Handi&rsquo;Chiens    <\/p><\/blockquote>\n<p class=\" wall-content\">Personnalisez votre actualit\u00e9 en ajoutant vos villes et m\u00e9dias en favori avec <a href=\"https:\/\/moncompte.actu.fr\" title=\"D\u00e9couvez Mon Actu\" rel=\"nofollow noopener\" data-trk=\"{&quot;cta&quot;:{&quot;action&quot;:&quot;https:\\\/\\\/moncompte.actu.fr&quot;,&quot;category&quot;:&quot;mon compte&quot;,&quot;from&quot;:&quot;article footer&quot;,&quot;name&quot;:&quot;Mon actu&quot;,&quot;type&quot;:&quot;cta&quot;}}\" target=\"_blank\">Mon Actu<\/a>.<\/p>\n","protected":false},"excerpt":{"rendered":"Par L\u00e9a Pippinato Publi\u00e9 le 29 janv. 2026 \u00e0 11h28 \u00ab\u00a0Depuis mai 2024, notre ambition a grandi\u00a0\u00bb, confie&hellip;\n","protected":false},"author":2,"featured_media":697099,"comment_status":"","ping_status":"","sticky":false,"template":"","format":"standard","meta":{"footnotes":""},"categories":[9599],"tags":[1111,11,1867,1777,674,1011,27,1943,2208,12,2680,25,104],"class_list":{"0":"post-697098","1":"post","2":"type-post","3":"status-publish","4":"format-standard","5":"has-post-thumbnail","7":"category-montpellier","8":"tag-actu","9":"tag-actualites","10":"tag-animaux","11":"tag-eu","12":"tag-europe","13":"tag-fr","14":"tag-france","15":"tag-handicap","16":"tag-montpellier","17":"tag-news","18":"tag-occitanie","19":"tag-republique-francaise","20":"tag-societe"},"share_on_mastodon":{"url":"https:\/\/pubeurope.com\/@fr\/115977934913586737","error":""},"_links":{"self":[{"href":"https:\/\/www.europesays.com\/fr\/wp-json\/wp\/v2\/posts\/697098","targetHints":{"allow":["GET"]}}],"collection":[{"href":"https:\/\/www.europesays.com\/fr\/wp-json\/wp\/v2\/posts"}],"about":[{"href":"https:\/\/www.europesays.com\/fr\/wp-json\/wp\/v2\/types\/post"}],"author":[{"embeddable":true,"href":"https:\/\/www.europesays.com\/fr\/wp-json\/wp\/v2\/users\/2"}],"replies":[{"embeddable":true,"href":"https:\/\/www.europesays.com\/fr\/wp-json\/wp\/v2\/comments?post=697098"}],"version-history":[{"count":0,"href":"https:\/\/www.europesays.com\/fr\/wp-json\/wp\/v2\/posts\/697098\/revisions"}],"wp:featuredmedia":[{"embeddable":true,"href":"https:\/\/www.europesays.com\/fr\/wp-json\/wp\/v2\/media\/697099"}],"wp:attachment":[{"href":"https:\/\/www.europesays.com\/fr\/wp-json\/wp\/v2\/media?parent=697098"}],"wp:term":[{"taxonomy":"category","embeddable":true,"href":"https:\/\/www.europesays.com\/fr\/wp-json\/wp\/v2\/categories?post=697098"},{"taxonomy":"post_tag","embeddable":true,"href":"https:\/\/www.europesays.com\/fr\/wp-json\/wp\/v2\/tags?post=697098"}],"curies":[{"name":"wp","href":"https:\/\/api.w.org\/{rel}","templated":true}]}}