{"id":697118,"date":"2026-01-29T10:42:13","date_gmt":"2026-01-29T10:42:13","guid":{"rendered":"https:\/\/www.europesays.com\/fr\/697118\/"},"modified":"2026-01-29T10:42:13","modified_gmt":"2026-01-29T10:42:13","slug":"municipales-a-nice-lfi-devoile-son-plan-dattaque-contre-le-surtourisme-airbnb-dans-le-viseur","status":"publish","type":"post","link":"https:\/\/www.europesays.com\/fr\/697118\/","title":{"rendered":"Municipales \u00e0 Nice. LFI d\u00e9voile son plan d&rsquo;attaque contre le surtourisme, AirBnb dans le viseur"},"content":{"rendered":"<p>                    Par<br \/>\n        <strong><br \/>\n            <a href=\"https:\/\/actu.fr\/auteur\/ugo-maillard\" title=\"Consulter tous les articles de Ugo Maillard\" target=\"_blank\" rel=\"noopener\">Ugo Maillard<\/a><br \/>\n                    <\/strong><\/p>\n<p>        Publi\u00e9 le<\/p>\n<p>            29 janv. 2026 \u00e0 9h26        <\/p>\n<p>Il s\u2019agira d\u2019un des axes principaux du mandat, en cas d\u2019\u00e9lection. La liste<a href=\"https:\/\/actu.fr\/provence-alpes-cote-d-azur\/nice_06088\/municipales-2026-a-nice-lfi-et-viva-lancent-officiellement-leur-campagne_63276215.html\" target=\"_blank\" rel=\"noopener\"> Nice Front Populaire<\/a>, soutenue par La France Insoumise et Viva\u2009! et men\u00e9e par Mireille Damiano, a pr\u00e9sent\u00e9 le mercredi 28\u00a0janvier 2026 son plan de bataille pour limiter, voire mettre fin au <strong>surtourisme<\/strong> \u00e0 <a href=\"https:\/\/actu.fr\/nice\/\" target=\"_blank\" rel=\"noopener\">Nice<\/a> et sur la C\u00f4te d\u2019Azur. Une probl\u00e9matique particuli\u00e8rement vaste et d\u00e9licate, tant les pouvoirs relevant de la mairie ou de la m\u00e9tropole sont limit\u00e9s sur la question.<\/p>\n<p class=\" wall-content\">La liste de gauche a pour ce faire r\u00e9dig\u00e9 un programme sourc\u00e9 et d\u00e9taill\u00e9 qui lui permet de pr\u00e9senter des mesures concr\u00e8tes. \u00ab\u2009Nous souhaitons un autre mod\u00e8le. Le tourisme, c\u2019est positif pour l\u2019\u00e9conomie et pour l\u2019\u00e9change culturel. Quand le tourisme va au-del\u00e0 de la capacit\u00e9 d\u2019accueil, \u00e7a devient n\u00e9faste\u2009\u00bb, a introduit Mireille Damiano.<\/p>\n<p>Un plan d\u2019action avec des mesures<\/p>\n<p class=\" wall-content\">Entour\u00e9e d\u2019une partie de son \u00e9quipe de campagne, l\u2019avocate ni\u00e7oise a, en pr\u00e9ambule, list\u00e9 les <strong>impacts n\u00e9gatifs<\/strong> li\u00e9s au surtourisme. \u00ab\u2009Pollution atmosph\u00e9rique\u2009\u00bb, \u00ab\u2009pollution sonore\u2009\u00bb, \u00ab\u2009augmentation du co\u00fbt de la vie pour les locaux\u2009\u00bb, \u00ab\u2009impact sur le march\u00e9 de l\u2019immobilier\u2009\u00bb, \u00ab\u2009impact sur la vie sociale des quartiers\u2009\u00bb, \u00ab\u2009baisse de la qualit\u00e9 d\u2019accueil des touristes\u2009\u00bb. En bref, \u00ab\u2009trop de touristes, tue le tourisme\u2009\u00bb.<\/p>\n<p>Quelle d\u00e9finition donn\u00e9e au surtourisme ?<\/p>\n<p>\u00ab\u00a0Le terme &lsquo;surtourisme&rsquo; (ou &lsquo;hypertourisme&rsquo;) est apparu ces derni\u00e8res ann\u00e9es pour d\u00e9signer le ph\u00e9nom\u00e8ne de saturation des sites touristiques par un nombre grandissant de visiteurs. D\u2019apr\u00e8s l\u2019OMT, 95% des touristes mondiaux visiteraient moins de 5% des terres \u00e9merg\u00e9es. \u00c0 l\u2019\u00e9chelle de la France, 80% de l\u2019activit\u00e9 touristique se concentre sur 20% du territoire\u00a0\u00bb, explique le site \u00e9tatique Vie Publique.<\/p>\n<p class=\" wall-content\">Face \u00e0 ces nombreuses probl\u00e9matiques identifi\u00e9es, la liste Nice Front populaire a pr\u00e9sent\u00e9 un plan d\u2019action. Quatre points cibl\u00e9s\u2009: \u00ab\u2009L\u2019extension de l\u2019a\u00e9roport est au c\u0153ur du surtourisme de la M\u00e9tropole. On a soutenu les actions pour s\u2019opposer au projet et on continuera \u00e0 le faire. Au sujet des jets priv\u00e9s, nous souhaitons engager une restriction de ces vols, notamment en interdisant les vols de nuit en sollicitant le pr\u00e9fet. Pour les croisi\u00e8res, on poursuivra la r\u00e9duction progressive sur tout le mandat. Enfin, on constate que les yachts de luxe monopolisent un trop grand espace du port. On ne veut pas les exclure, mais r\u00e9tablir un espace beaucoup plus juste.\u2009\u00bb<\/p>\n<p class=\" wall-content\">Quatre axes sur lesquels la mairie ne peut pas agir seule et devra passer par des concertations avec les acteurs priv\u00e9s et\/ou la pr\u00e9fecture des Alpes-Maritimes.<\/p>\n<p>    <img   decoding=\"async\" loading=\"lazy\" src=\"https:\/\/www.europesays.com\/fr\/wp-content\/uploads\/2026\/01\/mireille-damiano-lfi-960x640.png\" alt=\"La liste LFI et Viva! men\u00e9e par Mireille Damiano a pr\u00e9sent\u00e9 son programme pour lutter contre le surtourisme et ses impacts n\u00e9gatifs \u00e0 Nice.\" width=\"960\" height=\"640\"\/><br \/>\n    La liste LFI et Viva! men\u00e9e par Mireille Damiano a pr\u00e9sent\u00e9 son programme pour lutter contre le surtourisme et ses impacts n\u00e9gatifs \u00e0 Nice. (\u00a9Ugo Maillard \/ actu Nice )<\/p>\n<p>Votre r\u00e9gion, votre actu !<\/p>\n<p>Recevez chaque jour les infos qui comptent pour vous.<\/p>\n<p>\t<a href=\"https:\/\/actu.fr\/newsletter\" class=\"ac-btn ac-btn--corner ac-btn--medium ac-btn--blue800\" target=\"_blank\" rel=\"noopener\">S&rsquo;incrire<\/a><br \/>\nDes mesures r\u00e9alisables dans l\u2019imm\u00e9diat<\/p>\n<p class=\" wall-content\">Conscients des difficult\u00e9s \u00e0 mettre en place les interdictions list\u00e9es pr\u00e9c\u00e9demment, Mireille Damiano et ses soutiens avancent deux sujets sur lesquels, il pourrait agir rapidement en cas d\u2019\u00e9lection.<\/p>\n<blockquote class=\"ac-article-quote wall-content\">\n<p>Il faut limiter la circulation et le stationnement des autocars dans certains quartiers et notamment en mettant en place des limitations du nombre d\u2019autocars avec des quotas. C&rsquo;est un sujet que l\u2019on va mettre sur la table avec les acteurs du tourisme.<br \/>\nNous misons \u00e9galement sur l&rsquo;immobilier pour limiter le surtourisme. Si nous sommes \u00e9lus, nous contr\u00f4lerons drastiquement les locations touristiques de type AirBnb, nous refuserons d\u2019accorder des permis de construire pour tout projet consistant \u00e0 transformer des logements en h\u00e9bergement touristique et nous g\u00e9n\u00e9raliserons la pr\u00e9emption par la Ville et la M\u00e9tropole des logements mis \u00e0 la vente pour garantir des logements aux habitants.<\/p>\n<p>    <strong>Liste Nice Front Populaire<\/strong>\n            <\/p><\/blockquote>\n<p>Vers des quotas\u2009?<\/p>\n<p class=\" wall-content\">Pour faire face au surtourisme, la Ville d\u2019\u00c8ze a augment\u00e9 la tarification du jardin exotique \u00e0 l\u2019automne 2025, comme le maire <a href=\"https:\/\/actu.fr\/provence-alpes-cote-d-azur\/eze_06059\/a-eze-pres-de-nice-des-centaines-de-milliers-de-touristes-affluent-on-ne-va-pas-se-plaindre_63332224.html\" target=\"_blank\" rel=\"noopener\">St\u00e9phane Cherki l\u2019expliquait<\/a>.<\/p>\n<p class=\" wall-content\">Interrog\u00e9es par la r\u00e9daction d\u2019actu Nice quant au peu de pouvoir d\u2019une mairie au sujet des flux de touristes venus de l\u2019<a href=\"https:\/\/actu.fr\/tag\/nice-cote-dazur\" target=\"_blank\" rel=\"noopener\">a\u00e9roport<\/a> ou du port, les \u00e9quipes de la liste Nice Front Populaire refusent de mettre en place des <strong>quotas de touristes<\/strong> dans la ville\u2026 pour le moment.<\/p>\n<p class=\" wall-content\">\u00ab\u2009On ne veut pas mettre en place de quotas et on ne fera pas payer les touristes pour acc\u00e9der \u00e0 certaines zones de la ville comme cela peut \u00eatre le cas dans certaines communes d\u2019Europe. C\u2019est discriminatoire. Si au bout d\u2019une mandature, nos objectifs ne sont pas atteints, on sera peut-\u00eatre oblig\u00e9 de mettre en place ce type d\u2019action\u2009\u00bb, r\u00e9pondent les \u00e9quipes.<\/p>\n<p class=\" wall-content\">Pour Mireille Damiano, la solution peut \u00e9galement passer par l\u2019arr\u00eat des communications tourn\u00e9es vers l\u2019international et les partenariats avec les agences de tourisme \u00e0 l\u2019\u00e9tranger.<\/p>\n<p>Un autre tourisme possible<\/p>\n<p class=\" wall-content\">Pour conclure la pr\u00e9sentation de leur projet, la liste soutenue par LFI et Viva\u2009! a vant\u00e9 les m\u00e9rites d\u2019un \u00ab\u2009tourisme \u00e9co-responsable\u2009\u00bb<\/p>\n<p class=\" wall-content\">Parmi les pistes de d\u00e9veloppement, la cr\u00e9ation d\u2019auberges de\u00a0jeunesse \u00e0 but non lucratif, la <strong>cr\u00e9ation de campings<\/strong> dans l\u2019arri\u00e8re-pays ni\u00e7ois ou encore la cr\u00e9ation d\u2019un r\u00e9seau cyclable \u00e0 l\u2019\u00e9chelle de la C\u00f4te d\u2019Azur avec une voie continue.<\/p>\n<p class=\" wall-content\">Personnalisez votre actualit\u00e9 en ajoutant vos villes et m\u00e9dias en favori avec <a href=\"https:\/\/moncompte.actu.fr\" title=\"D\u00e9couvez Mon Actu\" rel=\"nofollow noopener\" data-trk=\"{&quot;cta&quot;:{&quot;action&quot;:&quot;https:\\\/\\\/moncompte.actu.fr&quot;,&quot;category&quot;:&quot;mon compte&quot;,&quot;from&quot;:&quot;article footer&quot;,&quot;name&quot;:&quot;Mon actu&quot;,&quot;type&quot;:&quot;cta&quot;}}\" target=\"_blank\">Mon Actu<\/a>.<\/p>\n","protected":false},"excerpt":{"rendered":"Par Ugo Maillard Publi\u00e9 le 29 janv. 2026 \u00e0 9h26 Il s\u2019agira d\u2019un des axes principaux du mandat,&hellip;\n","protected":false},"author":2,"featured_media":697119,"comment_status":"","ping_status":"","sticky":false,"template":"","format":"standard","meta":{"footnotes":""},"categories":[2819],"tags":[1111,11,1777,674,1011,27,1023,3434,12,2401,882,25,104,602],"class_list":{"0":"post-697118","1":"post","2":"type-post","3":"status-publish","4":"format-standard","5":"has-post-thumbnail","7":"category-nice","8":"tag-actu","9":"tag-actualites","10":"tag-eu","11":"tag-europe","12":"tag-fr","13":"tag-france","14":"tag-la-france-insoumise-lfi","15":"tag-municipales-2026","16":"tag-news","17":"tag-nice","18":"tag-provence-alpes-cote-dazur","19":"tag-republique-francaise","20":"tag-societe","21":"tag-tourisme"},"share_on_mastodon":{"url":"https:\/\/pubeurope.com\/@fr\/115977974211678410","error":""},"_links":{"self":[{"href":"https:\/\/www.europesays.com\/fr\/wp-json\/wp\/v2\/posts\/697118","targetHints":{"allow":["GET"]}}],"collection":[{"href":"https:\/\/www.europesays.com\/fr\/wp-json\/wp\/v2\/posts"}],"about":[{"href":"https:\/\/www.europesays.com\/fr\/wp-json\/wp\/v2\/types\/post"}],"author":[{"embeddable":true,"href":"https:\/\/www.europesays.com\/fr\/wp-json\/wp\/v2\/users\/2"}],"replies":[{"embeddable":true,"href":"https:\/\/www.europesays.com\/fr\/wp-json\/wp\/v2\/comments?post=697118"}],"version-history":[{"count":0,"href":"https:\/\/www.europesays.com\/fr\/wp-json\/wp\/v2\/posts\/697118\/revisions"}],"wp:featuredmedia":[{"embeddable":true,"href":"https:\/\/www.europesays.com\/fr\/wp-json\/wp\/v2\/media\/697119"}],"wp:attachment":[{"href":"https:\/\/www.europesays.com\/fr\/wp-json\/wp\/v2\/media?parent=697118"}],"wp:term":[{"taxonomy":"category","embeddable":true,"href":"https:\/\/www.europesays.com\/fr\/wp-json\/wp\/v2\/categories?post=697118"},{"taxonomy":"post_tag","embeddable":true,"href":"https:\/\/www.europesays.com\/fr\/wp-json\/wp\/v2\/tags?post=697118"}],"curies":[{"name":"wp","href":"https:\/\/api.w.org\/{rel}","templated":true}]}}