{"id":697139,"date":"2026-01-29T10:54:09","date_gmt":"2026-01-29T10:54:09","guid":{"rendered":"https:\/\/www.europesays.com\/fr\/697139\/"},"modified":"2026-01-29T10:54:09","modified_gmt":"2026-01-29T10:54:09","slug":"vetus-de-noir-et-le-visage-dissimule-deux-hommes-suspects-se-font-reperer-aux-abords-dun-marchand-dor-de-la-presquile","status":"publish","type":"post","link":"https:\/\/www.europesays.com\/fr\/697139\/","title":{"rendered":"v\u00eatus de noir et le visage dissimul\u00e9, deux hommes suspects se font rep\u00e9rer aux abords d&rsquo;un marchand d&rsquo;or de la Presqu&rsquo;\u00eele"},"content":{"rendered":"<p itemprop=\"description\"><strong>Bien renseign\u00e9s, mais mal pr\u00e9par\u00e9s.<\/strong><\/p>\n<p>Selon nos informations, deux individus ont \u00e9t\u00e9 interpell\u00e9s ce mercredi 28 janvier en Presqu&rsquo;\u00eele. V\u00eatus de noir, porteurs de cache cou ou de capuche, ils \u00e9taient rep\u00e9r\u00e9s en train de tourner autour d&rsquo;un marchand d&rsquo;or de la rue Thomassin. Cela faisait plusieurs jours que leur petit man\u00e8ge avait \u00e9t\u00e9 remarqu\u00e9, et la police a \u00e9t\u00e9 pr\u00e9venue.<\/p>\n<p>A l&rsquo;arriv\u00e9e des agents, le duo a pris la fuite sur une trottinette \u00e9lectrique. Une course-poursuite s&rsquo;est alors engag\u00e9e dans les rues du centre-ville de Lyon, avant que la trottinette ne heurte le v\u00e9hicule des forces de l&rsquo;ordre \u00e0 l&rsquo;angle de la rue Charles Biennier et du quai Gailleton. L&rsquo;un des suspects \u00e9tait alors arr\u00eat\u00e9, son complice poursuivait \u00e0 pied avant d&rsquo;\u00eatre rattrap\u00e9 rue Sala.<\/p>\n<p>Les deux hommes, arm\u00e9s d&rsquo;une gazeuse, attendaient visiblement une livraison d&rsquo;or. Ils ont \u00e9t\u00e9 plac\u00e9s en garde \u00e0 vue.<\/p>\n","protected":false},"excerpt":{"rendered":"Bien renseign\u00e9s, mais mal pr\u00e9par\u00e9s. Selon nos informations, deux individus ont \u00e9t\u00e9 interpell\u00e9s ce mercredi 28 janvier en&hellip;\n","protected":false},"author":2,"featured_media":697140,"comment_status":"","ping_status":"","sticky":false,"template":"","format":"standard","meta":{"footnotes":""},"categories":[1889],"tags":[1111,11,2813,2190,2430,1109,251,1112,2811,1777,674,118,1011,27,1922,1110,1114,2428,2810,12,241,316,25,2812,517,800],"class_list":{"0":"post-697139","1":"post","2":"type-post","3":"status-publish","4":"format-standard","5":"has-post-thumbnail","7":"category-lyon","8":"tag-actu","9":"tag-actualites","10":"tag-article","11":"tag-asvel","12":"tag-auvergne-rhone-alpes","13":"tag-breves","14":"tag-culture","15":"tag-depeches","16":"tag-economique","17":"tag-eu","18":"tag-europe","19":"tag-faits-divers","20":"tag-fr","21":"tag-france","22":"tag-info","23":"tag-informations","24":"tag-infos","25":"tag-lyon","26":"tag-lyonmag","27":"tag-news","28":"tag-ol","29":"tag-politique","30":"tag-republique-francaise","31":"tag-sociale","32":"tag-sport","33":"tag-transports"},"share_on_mastodon":{"url":"https:\/\/pubeurope.com\/@fr\/115978021409925152","error":""},"_links":{"self":[{"href":"https:\/\/www.europesays.com\/fr\/wp-json\/wp\/v2\/posts\/697139","targetHints":{"allow":["GET"]}}],"collection":[{"href":"https:\/\/www.europesays.com\/fr\/wp-json\/wp\/v2\/posts"}],"about":[{"href":"https:\/\/www.europesays.com\/fr\/wp-json\/wp\/v2\/types\/post"}],"author":[{"embeddable":true,"href":"https:\/\/www.europesays.com\/fr\/wp-json\/wp\/v2\/users\/2"}],"replies":[{"embeddable":true,"href":"https:\/\/www.europesays.com\/fr\/wp-json\/wp\/v2\/comments?post=697139"}],"version-history":[{"count":0,"href":"https:\/\/www.europesays.com\/fr\/wp-json\/wp\/v2\/posts\/697139\/revisions"}],"wp:featuredmedia":[{"embeddable":true,"href":"https:\/\/www.europesays.com\/fr\/wp-json\/wp\/v2\/media\/697140"}],"wp:attachment":[{"href":"https:\/\/www.europesays.com\/fr\/wp-json\/wp\/v2\/media?parent=697139"}],"wp:term":[{"taxonomy":"category","embeddable":true,"href":"https:\/\/www.europesays.com\/fr\/wp-json\/wp\/v2\/categories?post=697139"},{"taxonomy":"post_tag","embeddable":true,"href":"https:\/\/www.europesays.com\/fr\/wp-json\/wp\/v2\/tags?post=697139"}],"curies":[{"name":"wp","href":"https:\/\/api.w.org\/{rel}","templated":true}]}}