{"id":697184,"date":"2026-01-29T11:24:10","date_gmt":"2026-01-29T11:24:10","guid":{"rendered":"https:\/\/www.europesays.com\/fr\/697184\/"},"modified":"2026-01-29T11:24:10","modified_gmt":"2026-01-29T11:24:10","slug":"alors-que-la-commission-denquete-sur-laudiovisuel-public-refuse-de-lentendre-patrick-sebastien-annonce-quil-va-tout-balancer-lundi-soir-a-la-tele-chez-cyril-hanouna-evoquant-delph","status":"publish","type":"post","link":"https:\/\/www.europesays.com\/fr\/697184\/","title":{"rendered":"Alors que la commission d\u2019enqu\u00eate sur l\u2019audiovisuel public refuse de l&rsquo;entendre, Patrick S\u00e9bastien annonce qu&rsquo;il va tout balancer lundi soir \u00e0 la t\u00e9l\u00e9 chez Cyril Hanouna \u00e9voquant Delphine Ernotte et France T\u00e9l\u00e9 &#8211; Vid\u00e9o"},"content":{"rendered":"<p>Patrick S\u00e9bastien hausse le ton. Alors que la commission d\u2019enqu\u00eate sur l\u2019audiovisuel public a repris en d\u00e9but de semaine, l\u2019ancien animateur vedette du service public attend toujours sa convocation. Puisque cette convocation ne vient pas, il a d\u00e9cid\u00e9 de parler aux t\u00e9l\u00e9spectateurs directement et de dire tout ce qu\u2019il sait.<\/p>\n<p>Ce sera lundi prochain chez Cyril Hanouna et il l\u2019annonc\u00e9, hier soir en direct sur W9:<\/p>\n<p>\u00ab\u00a0Lundi soir, je vais dire tout ce que j\u2019ai \u00e0 dire sur Mme Ernotte et sur le service public. Ce sont des choses importantes qu\u2019ils auraient m\u00e9rit\u00e9 d\u2019entendre \u00e0 la commission, mais qu\u2019ils ne veulent pas entendre. S\u2019ils me convoquent par la suite, je dirai la m\u00eame chose, mais l\u00e0 je vais tout dire parce que je vais \u00eatre en direct lundi.\u00a0C\u2019est tr\u00e8s important ce que je vais dire.\u00a0\u00bb<\/p>\n<p>Patrick S\u00e9bastien a annonc\u00e9 il y a plusieurs semaines son intention de t\u00e9moigner devant la Commission d\u2019enqu\u00eate sur l\u2019audiovisuel public, actuellement charg\u00e9e d\u2019\u00e9valuer le fonctionnement et l\u2019avenir du service public. L\u2019animateur entend faire entendre sa voix apr\u00e8s plusieurs ann\u00e9es de mise \u00e0 l\u2019\u00e9cart des antennes publiques.<\/p>\n<p>Il souhaite \u00e9voquer son \u00e9viction de France T\u00e9l\u00e9visions et les conditions dans lesquelles ses \u00e9missions ont \u00e9t\u00e9 arr\u00eat\u00e9es.<\/p>\n<p>Patrick S\u00e9bastien affirme disposer d\u2019\u00e9l\u00e9ments concrets sur les m\u00e9thodes de gouvernance et les choix \u00e9ditoriaux op\u00e9r\u00e9s. Selon lui, certaines d\u00e9cisions auraient \u00e9t\u00e9 prises pour des raisons id\u00e9ologiques plut\u00f4t que professionnelles.<\/p>\n<p>Il entend \u00e9galement d\u00e9noncer ce qu\u2019il consid\u00e8re comme une uniformisation des programmes. L\u2019ancien animateur estime que le service public s\u2019est \u00e9loign\u00e9 du grand public.<\/p>\n","protected":false},"excerpt":{"rendered":"Patrick S\u00e9bastien hausse le ton. Alors que la commission d\u2019enqu\u00eate sur l\u2019audiovisuel public a repris en d\u00e9but de&hellip;\n","protected":false},"author":2,"featured_media":697185,"comment_status":"","ping_status":"","sticky":false,"template":"","format":"standard","meta":{"footnotes":""},"categories":[1356],"tags":[9646,21772,58,59,1011,27,79218,252,1364],"class_list":{"0":"post-697184","1":"post","2":"type-post","3":"status-publish","4":"format-standard","5":"has-post-thumbnail","7":"category-television","8":"tag-audiovisuel","9":"tag-commission-denquu00eate","10":"tag-divertissement","11":"tag-entertainment","12":"tag-fr","13":"tag-france","14":"tag-patrick-su00e9bastien","15":"tag-television","16":"tag-tv"},"share_on_mastodon":{"url":"https:\/\/pubeurope.com\/@fr\/115978139371785981","error":""},"_links":{"self":[{"href":"https:\/\/www.europesays.com\/fr\/wp-json\/wp\/v2\/posts\/697184","targetHints":{"allow":["GET"]}}],"collection":[{"href":"https:\/\/www.europesays.com\/fr\/wp-json\/wp\/v2\/posts"}],"about":[{"href":"https:\/\/www.europesays.com\/fr\/wp-json\/wp\/v2\/types\/post"}],"author":[{"embeddable":true,"href":"https:\/\/www.europesays.com\/fr\/wp-json\/wp\/v2\/users\/2"}],"replies":[{"embeddable":true,"href":"https:\/\/www.europesays.com\/fr\/wp-json\/wp\/v2\/comments?post=697184"}],"version-history":[{"count":0,"href":"https:\/\/www.europesays.com\/fr\/wp-json\/wp\/v2\/posts\/697184\/revisions"}],"wp:featuredmedia":[{"embeddable":true,"href":"https:\/\/www.europesays.com\/fr\/wp-json\/wp\/v2\/media\/697185"}],"wp:attachment":[{"href":"https:\/\/www.europesays.com\/fr\/wp-json\/wp\/v2\/media?parent=697184"}],"wp:term":[{"taxonomy":"category","embeddable":true,"href":"https:\/\/www.europesays.com\/fr\/wp-json\/wp\/v2\/categories?post=697184"},{"taxonomy":"post_tag","embeddable":true,"href":"https:\/\/www.europesays.com\/fr\/wp-json\/wp\/v2\/tags?post=697184"}],"curies":[{"name":"wp","href":"https:\/\/api.w.org\/{rel}","templated":true}]}}