{"id":697298,"date":"2026-01-29T12:31:10","date_gmt":"2026-01-29T12:31:10","guid":{"rendered":"https:\/\/www.europesays.com\/fr\/697298\/"},"modified":"2026-01-29T12:31:10","modified_gmt":"2026-01-29T12:31:10","slug":"fiasco-annonce-budget-colossal-non-diffuse-en-france-pourquoi-la-polemique-enfle-autour-du-film","status":"publish","type":"post","link":"https:\/\/www.europesays.com\/fr\/697298\/","title":{"rendered":"fiasco annonc\u00e9\u00a0\u00bb, budget colossal, non diffus\u00e9 en France, pourquoi la pol\u00e9mique enfle autour du film ?"},"content":{"rendered":"<p>            75\u00a0millions de dollars<\/p>\n<p>Mais ce n\u2019est pas la seule pol\u00e9mique autour de la sortie de ce documentaire au budget de 75\u00a0millions de dollars \u2013 hors norme pour un documentaire \u2013, dans lequel on suit l\u2019\u00e9pouse du pr\u00e9sident am\u00e9ricain durant les vingt jours qui ont pr\u00e9c\u00e9d\u00e9 la seconde investiture de Donald Trump en janvier 2025. \u00ab\u00a0Melania\u00a0\u00bb est attendu dans 5\u00a0000 salles \u00e0 travers le monde, dont 1\u00a0500 en Am\u00e9rique du Nord.<\/p>\n<p>Le film, dont Melania Trump est productrice ex\u00e9cutive, a \u00e9t\u00e9 <a href=\"https:\/\/www.sudouest.fr\/culture\/cinema\/agressions-sexuelles-a-hollywood-apres-weinstein-et-spacey-d-autres-stars-accusees-3263485.php\" target=\"_blank\" rel=\"follow noopener\">r\u00e9alis\u00e9 par Brett Ratner<\/a>, \u00e9clabouss\u00e9 dans l\u2019affaire Harvey Weinstein, accus\u00e9 d\u2019homophobie et de six agressions sexuelles. Mis de c\u00f4t\u00e9 par la Warner Bros, \u00e9cart\u00e9 de plusieurs projets, il n\u2019avait pas fait de film depuis 2017. Il revient donc avec ce documentaire \u00e0 75\u00a0millions de dollars, dont 35\u00a0millions de marketing, port\u00e9 par un investissement massif d\u2019Amazon MGM Studios qui en a acquis les droits exclusifs mondiaux. La validation de cet investissement par Jeff Bezos, pr\u00e9sident ex\u00e9cutif d\u2019Amazon, est interpr\u00e9t\u00e9e par certains observateurs comme un geste politique strat\u00e9gique. \u00c0 titre de comparaison, le film sur Michael Jackson, \u00ab\u00a0This Is It\u00a0\u00bb, avait co\u00fbt\u00e9 60\u00a0millions de dollars en  2009, un budget record.<\/p>\n<p>\u00ab\u00a0Un fiasco annonc\u00e9\u00a0\u00bb<\/p>\n<p>Romuald Sciora, directeur de l\u2019Observatoire politique et g\u00e9ostrat\u00e9gique des \u00c9tats-Unis \u00e0 l\u2019Institut des relations internationales et strat\u00e9giques, <a href=\"https:\/\/www.franceinfo.fr\/culture\/cinema\/melania-au-dela-de-la-qualite-de-la-realisation-c-est-un-film-de-propagande-et-un-fiasco-annonce-estime-romuald-sciora-politologue_7770182.html\" target=\"_blank\" rel=\"nofollow noopener\">a \u00e9voqu\u00e9 sur France Info dans le \u00ab\u00a011\/13\u00a0\u00bb du 28\u00a0janvier<\/a> le fait que Les deux tiers de l\u2019\u00e9quipe technique du film ont exig\u00e9 que leur nom ne figure pas au g\u00e9n\u00e9rique\u00a0\u00bb. Il a ajout\u00e9\u00a0: \u00ab\u00a0Nous sommes face, au-del\u00e0 de la qualit\u00e9 de la r\u00e9alisation, \u00e0 un film de propagande et d\u2019un fiasco annonc\u00e9.\u00a0\u00bb Les m\u00e9dias comme \u00ab\u00a0The Guardian\u00a0\u00bb , <a href=\"https:\/\/www.rollingstone.com\/tv-movies\/tv-movie-news\/melania-trump-documentary-directed-brett-ratner-prime-video-1235226063\/\" target=\"_blank\" rel=\"nofollow noopener\">\u00ab\u00a0Rolling Stones\u00a0\u00bb<\/a> font \u00e9tat d\u2019un int\u00e9r\u00eat limit\u00e9 du public, des r\u00e9sultats m\u00e9diocres des pr\u00e9ventes et des affiches tagu\u00e9es. Il y a cependant d\u00e9j\u00e0 des retomb\u00e9es positives pour le r\u00e9alisateur de la trilogie \u00ab\u00a0Rush Hour\u00a0\u00bb, Rett Ratner, puisque la Paramount aurait d\u00e9cid\u00e9 de financer un quatri\u00e8me volet.<\/p>\n<p>\u00ab\u00a0Melania\u00a0\u00bb a \u00e9t\u00e9 pr\u00e9sent\u00e9 en grande pompe \u00e0 la Maison-Blanche samedi 24\u00a0janvier, alors que Minneapolis \u00e9tait toujours \u00e0 feu et \u00e0 sang, <a href=\"https:\/\/www.sudouest.fr\/international\/migrants-et-refugies\/alex-pretti-tue-par-l-ice-a-minneapolis-obscene-ecoeurant-incroyablement-perturbant-vague-de-reactions-choquees-27569658.php\" target=\"_blank\" rel=\"follow noopener\">quelques heures apr\u00e8s la mort d\u2019Alex Pretti tu\u00e9 par balles par des agents f\u00e9d\u00e9raux<\/a> de la police aux fronti\u00e8res. De nombreuses personnalit\u00e9s \u00e9taient invit\u00e9es \u00e0 cette projection priv\u00e9e, dont la reine Rania de Jordanie, le PDG d\u2019Apple, Tim Cook, Mike Tyson\u2026 La premi\u00e8re aura lieu \u00e0 Washington ce vendredi, aucune image n\u2019a filtr\u00e9 dans la presse.<\/p>\n","protected":false},"excerpt":{"rendered":"75\u00a0millions de dollars Mais ce n\u2019est pas la seule pol\u00e9mique autour de la sortie de ce documentaire au&hellip;\n","protected":false},"author":2,"featured_media":697299,"comment_status":"","ping_status":"","sticky":false,"template":"","format":"standard","meta":{"footnotes":""},"categories":[1359],"tags":[58,59,1011,27,973],"class_list":{"0":"post-697298","1":"post","2":"type-post","3":"status-publish","4":"format-standard","5":"has-post-thumbnail","7":"category-people","8":"tag-divertissement","9":"tag-entertainment","10":"tag-fr","11":"tag-france","12":"tag-people"},"share_on_mastodon":{"url":"https:\/\/pubeurope.com\/@fr\/115978402734350753","error":""},"_links":{"self":[{"href":"https:\/\/www.europesays.com\/fr\/wp-json\/wp\/v2\/posts\/697298","targetHints":{"allow":["GET"]}}],"collection":[{"href":"https:\/\/www.europesays.com\/fr\/wp-json\/wp\/v2\/posts"}],"about":[{"href":"https:\/\/www.europesays.com\/fr\/wp-json\/wp\/v2\/types\/post"}],"author":[{"embeddable":true,"href":"https:\/\/www.europesays.com\/fr\/wp-json\/wp\/v2\/users\/2"}],"replies":[{"embeddable":true,"href":"https:\/\/www.europesays.com\/fr\/wp-json\/wp\/v2\/comments?post=697298"}],"version-history":[{"count":0,"href":"https:\/\/www.europesays.com\/fr\/wp-json\/wp\/v2\/posts\/697298\/revisions"}],"wp:featuredmedia":[{"embeddable":true,"href":"https:\/\/www.europesays.com\/fr\/wp-json\/wp\/v2\/media\/697299"}],"wp:attachment":[{"href":"https:\/\/www.europesays.com\/fr\/wp-json\/wp\/v2\/media?parent=697298"}],"wp:term":[{"taxonomy":"category","embeddable":true,"href":"https:\/\/www.europesays.com\/fr\/wp-json\/wp\/v2\/categories?post=697298"},{"taxonomy":"post_tag","embeddable":true,"href":"https:\/\/www.europesays.com\/fr\/wp-json\/wp\/v2\/tags?post=697298"}],"curies":[{"name":"wp","href":"https:\/\/api.w.org\/{rel}","templated":true}]}}