{"id":697324,"date":"2026-01-29T12:45:12","date_gmt":"2026-01-29T12:45:12","guid":{"rendered":"https:\/\/www.europesays.com\/fr\/697324\/"},"modified":"2026-01-29T12:45:12","modified_gmt":"2026-01-29T12:45:12","slug":"loire-six-jeunes-passent-a-tabac-une-ado-de-15-ans-a-saint-etienne-la-video-diffusee-sur-les-reseaux-sociaux","status":"publish","type":"post","link":"https:\/\/www.europesays.com\/fr\/697324\/","title":{"rendered":"Loire. Six jeunes passent \u00e0 tabac une ado de 15 ans \u00e0 Saint-\u00c9tienne, la vid\u00e9o diffus\u00e9e sur les r\u00e9seaux sociaux"},"content":{"rendered":"<p>Un d\u00e9ferlement de violence. Coups de poing, coups de pied. La t\u00eate et le visage vis\u00e9s quasiment \u00e0 chaque fois. Les images de la vid\u00e9o de cette agression que nous avons pu visionner sont difficilement soutenables. Surtout, elles interrogent sur l\u2019usage des r\u00e9seaux sociaux par les jeunes g\u00e9n\u00e9rations.<\/p>\n<p>Selon nos informations, tout d\u00e9marre par l\u2019envoi d\u2019une vid\u00e9o intime par une adolescente, \u00e2g\u00e9e de 15 ans et originaire du Pilat. Ces images auraient \u00e9t\u00e9 envoy\u00e9es \u00e0 un jeune homme avec qui elle avait rendez-vous dans un parc pr\u00e8s de la cit\u00e9 du Design \u00e0 Saint-\u00c9tienne, ce lundi 26\u00a0janvier. Mais tout ne s&rsquo;est pas pass\u00e9 comme elle l\u2019aurait souhait\u00e9.<\/p>\n<p>Car, ce jour-l\u00e0, l\u2019adolescent n\u2019est pas seul. Au total, la victime va faire face \u00e0 trois jeunes gar\u00e7ons et trois autres filles. Imm\u00e9diatement, elle est projet\u00e9e au sol et frapp\u00e9e d\u2019un coup de pied dans le dos.<\/p>\n<p>Puis, en quelques secondes, d\u2019autres personnes surgissent. Capuches sur la t\u00eate pour certains, manteaux d\u2019hiver pour d\u2019autres, les agresseurs, visiblement jeunes, portent des coups en rafale, sans retenue.<\/p>\n<p>  T\u00e9l\u00e9phone et portefeuille vol\u00e9s<\/p>\n<p>La victime est ensuite tra\u00een\u00e9e au sol et subit, \u00e0 nouveau, une s\u00e9rie de coups d\u2019une rare violence. Elle sera ensuite retrouv\u00e9e par les policiers de la Brigade anticriminalit\u00e9 dans le secteur de Carnot. Elle pr\u00e9sente de nombreuses plaies au visage, ses v\u00eatements sont ensanglant\u00e9s.<\/p>\n<p>En \u00e9tat de choc, elle souffre de douleurs sur tout le corps. Tous ses effets personnels lui ont \u00e9t\u00e9 vol\u00e9s\u00a0: son t\u00e9l\u00e9phone a disparu, tout comme son portefeuille.<\/p>\n<p>L\u2019enqu\u00eate, confi\u00e9e aux enqu\u00eateurs de la brigade des atteintes aux personnes du Service interd\u00e9partemental de la police judiciaire, ne fait que commencer. Mais elle a d\u00e9j\u00e0 rapidement d\u00e9bouch\u00e9 sur six interpellations de mineurs, dont deux sont d\u00e9j\u00e0 connus des services de police, qui ont \u00e9t\u00e9 plac\u00e9s en garde en vue dans les locaux de l\u2019H\u00f4tel de police de Saint-\u00c9tienne.<\/p>\n<p>  Deux protagonistes convoqu\u00e9s devant le juge des enfants<\/p>\n<p>\u00c0 l\u2019issue de leurs auditions, les trois gar\u00e7ons, \u00e2g\u00e9s de 15, 16 et 17 ans, ainsi que les trois filles, \u00e2g\u00e9es de 13 et 14 ans, scolaris\u00e9s dans des \u00e9tablissements \u00e0 Saint-\u00c9tienne et Rive-de-Gier, ont \u00e9t\u00e9 remis en libert\u00e9 sous contr\u00f4le judiciaire. Quatre d\u2019entre eux ont \u00e9t\u00e9 remis \u00e0 l\u2019autorit\u00e9 de personnels de foyers o\u00f9 ils vivaient avant les faits. Deux autres ont \u00e9t\u00e9 rendus \u00e0 leur autorit\u00e9 parentale.<\/p>\n<p>D\u2019apr\u00e8s nos informations, seuls deux des protagonistes de l\u2019agression sont convoqu\u00e9s devant le juge des enfants dans les prochaines semaines. Sollicit\u00e9e par nos soins, Anne Gaches, procureure de la R\u00e9publique de Saint-\u00c9tienne, n\u2019a pas r\u00e9pondu \u00e0 nos demandes.<\/p>\n<p>  \u00ab\u00a0Atterr\u00e9 par le recours \u00e0 la violence des plus jeunes\u00a0\u00bb<\/p>\n<p>Yves Cellier, directeur interd\u00e9partemental de la police nationale dans la Loire, ne cache pour sa part pas son incompr\u00e9hension\u00a0: \u00ab\u00a0Je reste atterr\u00e9 par le recours \u00e0 la violence des plus jeunes m\u00eame si, ici, il semble que l\u2019on se retrouve dans un milieu qui appara\u00eet carenc\u00e9 au niveau \u00e9ducatif.\u00a0\u00bb<\/p>\n<p>Et d&rsquo;ajouter\u00a0: \u00ab\u00a0Je tiens \u00e0 saluer la r\u00e9activit\u00e9 et l\u2019efficacit\u00e9 des services de police qui ont men\u00e9 des investigations permettant de retrouver et d\u2019interpeller tous les protagonistes.\u00a0\u00bb<\/p>\n<p>La victime s\u2019est vu prescrire une incapacit\u00e9 totale de travail de moins de huit jours. Aujourd\u2019hui, elle tente de se reconstruire. Physiquement et psychologiquement.<\/p>\n<p>Quelques jours seulement apr\u00e8s la d\u00e9couverte d\u2019une adolescente victime des pires s\u00e9vices <a href=\"https:\/\/www.leprogres.fr\/faits-divers-justice\/2026\/01\/27\/sequestree-et-torturee-pres-de-lyon-une-fille-de-15-ans-s-evade-de-l-enfer-quatre-jeunes-suspects-interpelles\" target=\"_blank\" rel=\"noopener\">dans les sous-sols d\u2019un immeuble \u00e0 Oullins,<\/a> pr\u00e8s de Lyon, des questions se posent sur \u00ab l\u2019\u00e9tat de notre soci\u00e9t\u00e9 \u00bb, \u00e0 l\u2019instar du DIPN de la Loire. Mais sans doute aussi comme de nombreux parents inquiets pour l\u2019avenir de la jeunesse.<\/p>\n<p>Reste \u00e0 savoir d\u00e9sormais si le projet de loi sur l\u2019interdiction des r\u00e9seaux sociaux pour les moins de 15 ans sera adopt\u00e9 au cours des prochaines semaines. Il permettra peut-\u00eatre d\u2019\u00e9viter de nouveaux drames.<\/p>\n","protected":false},"excerpt":{"rendered":"Un d\u00e9ferlement de violence. Coups de poing, coups de pied. La t\u00eate et le visage vis\u00e9s quasiment \u00e0&hellip;\n","protected":false},"author":2,"featured_media":697325,"comment_status":"","ping_status":"","sticky":false,"template":"","format":"standard","meta":{"footnotes":""},"categories":[9653],"tags":[1111,11,2430,271,272,7539,1057,1777,674,274,107,1011,27,3367,12,25,4001,7538,104],"class_list":{"0":"post-697324","1":"post","2":"type-post","3":"status-publish","4":"format-standard","5":"has-post-thumbnail","7":"category-saint-etienne","8":"tag-actu","9":"tag-actualites","10":"tag-auvergne-rhone-alpes","11":"tag-crime","12":"tag-delit-et-contravention","13":"tag-edition-loire-sud","14":"tag-education","15":"tag-eu","16":"tag-europe","17":"tag-faits-divers-justice","18":"tag-fil-info","19":"tag-fr","20":"tag-france","21":"tag-loire","22":"tag-news","23":"tag-republique-francaise","24":"tag-saint-etienne","25":"tag-saint-etienne-ville","26":"tag-societe"},"share_on_mastodon":{"url":"https:\/\/pubeurope.com\/@fr\/115978457852869315","error":""},"_links":{"self":[{"href":"https:\/\/www.europesays.com\/fr\/wp-json\/wp\/v2\/posts\/697324","targetHints":{"allow":["GET"]}}],"collection":[{"href":"https:\/\/www.europesays.com\/fr\/wp-json\/wp\/v2\/posts"}],"about":[{"href":"https:\/\/www.europesays.com\/fr\/wp-json\/wp\/v2\/types\/post"}],"author":[{"embeddable":true,"href":"https:\/\/www.europesays.com\/fr\/wp-json\/wp\/v2\/users\/2"}],"replies":[{"embeddable":true,"href":"https:\/\/www.europesays.com\/fr\/wp-json\/wp\/v2\/comments?post=697324"}],"version-history":[{"count":0,"href":"https:\/\/www.europesays.com\/fr\/wp-json\/wp\/v2\/posts\/697324\/revisions"}],"wp:featuredmedia":[{"embeddable":true,"href":"https:\/\/www.europesays.com\/fr\/wp-json\/wp\/v2\/media\/697325"}],"wp:attachment":[{"href":"https:\/\/www.europesays.com\/fr\/wp-json\/wp\/v2\/media?parent=697324"}],"wp:term":[{"taxonomy":"category","embeddable":true,"href":"https:\/\/www.europesays.com\/fr\/wp-json\/wp\/v2\/categories?post=697324"},{"taxonomy":"post_tag","embeddable":true,"href":"https:\/\/www.europesays.com\/fr\/wp-json\/wp\/v2\/tags?post=697324"}],"curies":[{"name":"wp","href":"https:\/\/api.w.org\/{rel}","templated":true}]}}