{"id":697340,"date":"2026-01-29T12:53:09","date_gmt":"2026-01-29T12:53:09","guid":{"rendered":"https:\/\/www.europesays.com\/fr\/697340\/"},"modified":"2026-01-29T12:53:09","modified_gmt":"2026-01-29T12:53:09","slug":"soupconne-dun-vol-de-telephone-a-rouen-un-jeune-homme-arrete-par-la-police-et-sa-mere-aussi","status":"publish","type":"post","link":"https:\/\/www.europesays.com\/fr\/697340\/","title":{"rendered":"Soup\u00e7onn\u00e9 d&rsquo;un vol de t\u00e9l\u00e9phone \u00e0 Rouen, un jeune homme arr\u00eat\u00e9 par la police&#8230; et sa m\u00e8re aussi"},"content":{"rendered":"<p>                    Par<br \/>\n        <strong><br \/>\n            <a href=\"https:\/\/actu.fr\/auteur\/yann-rivallan\" title=\"Consulter tous les articles de Yann Rivallan\" target=\"_blank\" rel=\"noopener\">Yann Rivallan<\/a><br \/>\n                    <\/strong><\/p>\n<p>        Publi\u00e9 le<\/p>\n<p>            29 janv. 2026 \u00e0 13h21        <\/p>\n<p>Il a termin\u00e9 en garde \u00e0 vue\u2026 et <strong>sa m\u00e8re aussi<\/strong>. Mercredi 28\u00a0janvier 2026, deux personnes ont \u00e9t\u00e9 interpell\u00e9es par la police \u00e0 <strong>Petit-Couronne<\/strong>, pr\u00e8s de <a href=\"https:\/\/actu.fr\/normandie\/rouen_76540\" target=\"_blank\" rel=\"noopener\">Rouen<\/a>, pour vol et recel de vol, indique une source polici\u00e8re \u00e0 76actu. Il s\u2019agit d\u2019un jeune homme de 20\u00a0ans et de sa m\u00e8re de 44\u00a0ans.<\/p>\n<p>Le jeune homme retrouv\u00e9 gr\u00e2ce \u00e0 un t\u00e9l\u00e9phone<\/p>\n<p class=\" wall-content\">Tout d\u00e9marre par une intervention de la brigade anticriminalit\u00e9 (Bac) <strong>au gymnase Mandela de Rouen<\/strong>. Les policiers sont appel\u00e9s car plusieurs mineurs se sont fait voler \u00ab\u2009un certain nombre d\u2019effets personnels dans les vestiaires\u2009\u00bb, relate notre source.<\/p>\n<p class=\" wall-content\">Parmi les objets vol\u00e9s, un iPhone 14. Gr\u00e2ce au syst\u00e8me de localisation int\u00e9gr\u00e9e de l\u2019appareil, les agents de la Bac vont remonter jusqu\u2019\u00e0 <strong>un logement de Petit-Couronne<\/strong>. L\u00e0, peu apr\u00e8s 19h, ils contr\u00f4lent un jeune homme de 20\u00a0ans, qui se trouve \u00eatre en possession du t\u00e9l\u00e9phone portable.<\/p>\n<p class=\" wall-content\">Il nie \u00eatre \u00e0 l\u2019origine du vol. Il va indiquer aux policiers <strong>l\u2019avoir achet\u00e9 un peu plus t\u00f4t<\/strong> dans la journ\u00e9e pour la modique somme \u00ab\u2009de 30\u00a0euros\u2009\u00bb, relate notre source. Les gardiens de la paix proc\u00e8dent \u00e0 une perquisition au sein du domicile et finissent par<strong> interpeller la m\u00e8re<\/strong> du jeune homme pour recel de vol. \u00c0 ce stade, \u00ab\u2009les investigations se poursuivent\u2009\u00bb pour faire toute la lumi\u00e8re sur les implications de chacun dans cette affaire.<\/p>\n<p>Suivez l\u2019actualit\u00e9 de Rouen sur <a href=\"https:\/\/www.whatsapp.com\/channel\/0029VaKfnf99hXF2ddApFB1D\" target=\"_blank\" rel=\"noopener\">notre cha\u00eene WhatsApp<\/a> et sur <a href=\"https:\/\/www.tiktok.com\/@76actu.fr?lang=fr\" target=\"_blank\" rel=\"noopener\">notre compte TikTok<\/a><\/p>\n<p class=\" wall-content\">Personnalisez votre actualit\u00e9 en ajoutant vos villes et m\u00e9dias en favori avec <a href=\"https:\/\/moncompte.actu.fr\" title=\"D\u00e9couvez Mon Actu\" rel=\"nofollow noopener\" data-trk=\"{&quot;cta&quot;:{&quot;action&quot;:&quot;https:\\\/\\\/moncompte.actu.fr&quot;,&quot;category&quot;:&quot;mon compte&quot;,&quot;from&quot;:&quot;article footer&quot;,&quot;name&quot;:&quot;Mon actu&quot;,&quot;type&quot;:&quot;cta&quot;}}\" target=\"_blank\">Mon Actu<\/a>.<\/p>\n<p>                    <script async src=\"\/\/www.tiktok.com\/embed.js\"><\/script><\/p>\n","protected":false},"excerpt":{"rendered":"Par Yann Rivallan Publi\u00e9 le 29 janv. 2026 \u00e0 13h21 Il a termin\u00e9 en garde \u00e0 vue\u2026 et&hellip;\n","protected":false},"author":2,"featured_media":697341,"comment_status":"","ping_status":"","sticky":false,"template":"","format":"standard","meta":{"footnotes":""},"categories":[9587],"tags":[1111,11,1777,674,118,1011,27,12,5161,1072,25,9590],"class_list":{"0":"post-697340","1":"post","2":"type-post","3":"status-publish","4":"format-standard","5":"has-post-thumbnail","7":"category-rouen","8":"tag-actu","9":"tag-actualites","10":"tag-eu","11":"tag-europe","12":"tag-faits-divers","13":"tag-fr","14":"tag-france","15":"tag-news","16":"tag-normandie","17":"tag-police","18":"tag-republique-francaise","19":"tag-rouen"},"share_on_mastodon":{"url":"https:\/\/pubeurope.com\/@fr\/115978489288853912","error":""},"_links":{"self":[{"href":"https:\/\/www.europesays.com\/fr\/wp-json\/wp\/v2\/posts\/697340","targetHints":{"allow":["GET"]}}],"collection":[{"href":"https:\/\/www.europesays.com\/fr\/wp-json\/wp\/v2\/posts"}],"about":[{"href":"https:\/\/www.europesays.com\/fr\/wp-json\/wp\/v2\/types\/post"}],"author":[{"embeddable":true,"href":"https:\/\/www.europesays.com\/fr\/wp-json\/wp\/v2\/users\/2"}],"replies":[{"embeddable":true,"href":"https:\/\/www.europesays.com\/fr\/wp-json\/wp\/v2\/comments?post=697340"}],"version-history":[{"count":0,"href":"https:\/\/www.europesays.com\/fr\/wp-json\/wp\/v2\/posts\/697340\/revisions"}],"wp:featuredmedia":[{"embeddable":true,"href":"https:\/\/www.europesays.com\/fr\/wp-json\/wp\/v2\/media\/697341"}],"wp:attachment":[{"href":"https:\/\/www.europesays.com\/fr\/wp-json\/wp\/v2\/media?parent=697340"}],"wp:term":[{"taxonomy":"category","embeddable":true,"href":"https:\/\/www.europesays.com\/fr\/wp-json\/wp\/v2\/categories?post=697340"},{"taxonomy":"post_tag","embeddable":true,"href":"https:\/\/www.europesays.com\/fr\/wp-json\/wp\/v2\/tags?post=697340"}],"curies":[{"name":"wp","href":"https:\/\/api.w.org\/{rel}","templated":true}]}}