{"id":697400,"date":"2026-01-29T13:29:14","date_gmt":"2026-01-29T13:29:14","guid":{"rendered":"https:\/\/www.europesays.com\/fr\/697400\/"},"modified":"2026-01-29T13:29:14","modified_gmt":"2026-01-29T13:29:14","slug":"il-aurait-eu-79-ans-michel-sardou-annonce-mort-par-erreur-en-direct-a-la-television-le-jour-de-son-anniversaire","status":"publish","type":"post","link":"https:\/\/www.europesays.com\/fr\/697400\/","title":{"rendered":"\u00ab Il aurait eu 79 ans \u00bb : Michel Sardou annonc\u00e9 mort par erreur en direct \u00e0 la t\u00e9l\u00e9vision le jour de son anniversaire"},"content":{"rendered":"<p class=\"mb-4 text-lg md:leading-8 break-words\"><strong>la boulette &#8211; Pendant quelques instants, la cha\u00eene RMC Story a annonc\u00e9 par erreur le d\u00e9c\u00e8s de Michel Sardou\u2026 le jour de son anniversaire<\/strong><\/p>\n<p class=\"mb-4 text-lg md:leading-8 break-words\">Ce lundi, <a href=\"https:\/\/www.20minutes.fr\/dossier\/michel_sardou?at_medium=RSS%20feed&amp;at_campaign=ynews&amp;utm_source=yahoo&amp;utm_medium=rss&amp;utm_campaign=news_feed&amp;utm_content=in_article_link\" rel=\"nofollow noopener\" target=\"_blank\" data-ylk=\"slk:Michel Sardou;elm:context_link;itc:0;sec:content-canvas\" class=\"link \">Michel Sardou<\/a> a f\u00eat\u00e9 ses 79 ans. Pour l\u2019occasion, l\u2019\u00e9mission\u00a0Les Grandes Gueules, retransmise sur la radio <a href=\"https:\/\/www.20minutes.fr\/dossier\/rmc?at_medium=RSS%20feed&amp;at_campaign=ynews&amp;utm_source=yahoo&amp;utm_medium=rss&amp;utm_campaign=news_feed&amp;utm_content=in_article_link\" rel=\"nofollow noopener\" target=\"_blank\" data-ylk=\"slk:RMC;elm:context_link;itc:0;sec:content-canvas\" class=\"link \">RMC<\/a> et sur la cha\u00eene de t\u00e9l\u00e9vision RMC Story, a consacr\u00e9 une chronique au <a href=\"https:\/\/www.20minutes.fr\/dossier\/chanteur?at_medium=RSS%20feed&amp;at_campaign=ynews&amp;utm_source=yahoo&amp;utm_medium=rss&amp;utm_campaign=news_feed&amp;utm_content=in_article_link\" rel=\"nofollow noopener\" target=\"_blank\" data-ylk=\"slk:chanteur;elm:context_link;itc:0;sec:content-canvas\" class=\"link \">chanteur<\/a>. Sauf qu\u2019une erreur a cr\u00e9\u00e9 l\u2019\u00e9moi chez les fans de l\u2019artiste, rapporte <a href=\"https:\/\/www.telestar.fr\/people\/gros-cafouillage-chez-rmc-michel-sardou-annonce-mort-en-plein-direct-les-internautes-furieux-1752299?at_medium=RSS%20feed&amp;at_campaign=ynews&amp;utm_source=yahoo&amp;utm_medium=rss&amp;utm_campaign=news_feed&amp;utm_content=in_article_link\" rel=\"nofollow noopener\" target=\"_blank\" data-ylk=\"slk:T\u00e9l\u00e9 Star;elm:context_link;itc:0;sec:content-canvas\" class=\"link \">T\u00e9l\u00e9 Star<\/a>.<\/p>\n<p class=\"mb-4 text-lg md:leading-8 break-words\">En effet, \u00e0 l\u2019\u00e9cran, un bandeau est apparu. Les t\u00e9l\u00e9spectateurs ont alors pu lire \u00ab\u00a0Sardou aurait eu 79 ans\u00a0\u00bb. Une phrase qui a laiss\u00e9 entendre que le chanteur \u00e9tait mort.\u00a0Finalement, les \u00e9quipes ont rapidement r\u00e9agi et ont affich\u00e9 un nouveau bandeau\u00a0: \u00ab\u00a0C\u2019est l\u2019anniversaire de Sardou\u00a0: 79 ans\u00a0!\u00a0\u00bb<\/p>\n<p>\u00ab\u00a0V\u00e9rifiez vos sources\u00a0\u00bb<\/p>\n<p class=\"mb-4 text-lg md:leading-8 break-words\">Mais le premier message a attir\u00e9 l\u2019attention des <a href=\"https:\/\/www.20minutes.fr\/dossier\/internautes?at_medium=RSS%20feed&amp;at_campaign=ynews&amp;utm_source=yahoo&amp;utm_medium=rss&amp;utm_campaign=news_feed&amp;utm_content=in_article_link\" rel=\"nofollow noopener\" target=\"_blank\" data-ylk=\"slk:internautes;elm:context_link;itc:0;sec:content-canvas\" class=\"link \">internautes<\/a>, qui n\u2019ont pas manqu\u00e9 de diffuser l\u2019information.\u00a0<a href=\"https:\/\/x.com\/Yajoribe1984\/status\/2015710698311966833?at_medium=RSS%20feed&amp;at_campaign=ynews&amp;utm_source=yahoo&amp;utm_medium=rss&amp;utm_campaign=news_feed&amp;utm_content=in_article_link\" rel=\"nofollow noopener\" target=\"_blank\" data-ylk=\"slk:L\u2019un d\u2019eux a relay\u00e9 la bourde sur X;elm:context_link;itc:0;sec:content-canvas\" class=\"link \">L\u2019un d\u2019eux a relay\u00e9 la bourde sur X<\/a> en publiant une capture d\u2019\u00e9cran avec le mauvais bandeau. \u00ab\u00a0Bande de charlots, il n\u2019est pas mort. V\u00e9rifiez vos sources avant d\u2019annoncer n\u2019importe quoi, juste pour l\u2019audimat\u00a0\u00bb, peut-on lire parmi les commentaires.<\/p>\n<p class=\"mb-4 text-lg md:leading-8 break-words\">Il n\u2019est pas rare que des personnalit\u00e9s soient annonc\u00e9es mortes par erreur. <a href=\"https:\/\/www.20minutes.fr\/people\/4017356-20230104-victime-fake-news-annoncant-mort-terrorise-pere-stephane-plaza-sort-gonds?at_medium=RSS%20feed&amp;at_campaign=ynews&amp;utm_source=yahoo&amp;utm_medium=rss&amp;utm_campaign=news_feed&amp;utm_content=in_article_link\" rel=\"nofollow noopener\" target=\"_blank\" data-ylk=\"slk:C\u2019est arriv\u00e9 en janvier\u00a02023 \u00e0 St\u00e9phane Plaza;elm:context_link;itc:0;sec:content-canvas\" class=\"link \">C\u2019est arriv\u00e9 en janvier\u00a02023 \u00e0 St\u00e9phane Plaza<\/a>, l\u2019ancien pr\u00e9sentateur star de M6. Terroris\u00e9, son p\u00e8re \u00e9tait venu chez lui en pleine nuit pour v\u00e9rifier l\u2019information. <a href=\"https:\/\/www.20minutes.fr\/arts-stars\/culture\/4181032-20251023-vais-bien-brigitte-bardot-fait-taire-rumeurs-ligne-mort?at_medium=RSS%20feed&amp;at_campaign=ynews&amp;utm_source=yahoo&amp;utm_medium=rss&amp;utm_campaign=news_feed&amp;utm_content=in_article_link\" rel=\"nofollow noopener\" target=\"_blank\" data-ylk=\"slk:La rumeur de la mort de Brigitte Bardot s\u2019\u00e9tait \u00e9galement r\u00e9pandue en octobre dernier;elm:context_link;itc:0;sec:content-canvas\" class=\"link \">La rumeur de la mort de Brigitte Bardot s\u2019\u00e9tait \u00e9galement r\u00e9pandue en octobre dernier<\/a>. L\u2019actrice avait d\u00e9menti et assur\u00e9 \u00ab\u00a0aller bien\u00a0\u00bb. BB s\u2019est finalement \u00e9teinte le 28\u00a0d\u00e9cembre.<\/p>\n<p class=\"mb-4 text-lg md:leading-8 break-words\"><a href=\"https:\/\/www.20minutes.fr\/arts-stars\/people\/4198716-20260129-79-ans-michel-sardou-annonce-mort-erreur-direct-television-jour-anniversaire?at_medium=RSS%20feed&amp;at_campaign=ynews&amp;utm_source=yahoo&amp;utm_medium=rss&amp;utm_campaign=news_feed&amp;utm_content=read_more_link&quot;\" rel=\"nofollow noopener\" target=\"_blank\" data-ylk=\"slk:Lire la suite sur 20minutes;elm:context_link;itc:0;sec:content-canvas\" class=\"link \">Lire la suite sur 20minutes<\/a><\/p>\n<p>\u00c0 lire aussi :<br \/><a href=\"https:\/\/www.20minutes.fr\/societe\/4165616-20250728-paris-ancienne-demeure-michel-sardou-neuilly-mise-vente-18-8-millions-euros?at_medium=RSS%20feed&amp;at_campaign=ynews&amp;utm_source=yahoo&amp;utm_medium=rss&amp;utm_campaign=news_feed&amp;utm_content=related_content_link\" rel=\"nofollow noopener\" target=\"_blank\" data-ylk=\"slk:Paris\u00a0: L\u2019ancienne demeure de Michel Sardou \u00e0 Neuilly mise en vente \u00e0 18,8\u00a0millions d\u2019euros;elm:context_link;itc:0;sec:content-canvas\" class=\"link \">Paris\u00a0: L\u2019ancienne demeure de Michel Sardou \u00e0 Neuilly mise en vente \u00e0 18,8\u00a0millions d\u2019euros<\/a><br \/><a href=\"https:\/\/www.20minutes.fr\/politique\/4095675-20240611-elections-legislatives-2024-arreter-faire-chier-francais-p-tit-coup-gueule-michel-sardou?at_medium=RSS%20feed&amp;at_campaign=ynews&amp;utm_source=yahoo&amp;utm_medium=rss&amp;utm_campaign=news_feed&amp;utm_content=related_content_link\" rel=\"nofollow noopener\" target=\"_blank\" data-ylk=\"slk:Elections l\u00e9gislatives 2024\u00a0: \u00ab\u00a0Arr\u00eater de faire chier les Fran\u00e7ais\u00a0\u00bb\u2026 Le p\u2019tit coup de gueule de Michel Sardou;elm:context_link;itc:0;sec:content-canvas\" class=\"link \">Elections l\u00e9gislatives 2024\u00a0: \u00ab\u00a0Arr\u00eater de faire chier les Fran\u00e7ais\u00a0\u00bb\u2026 Le p\u2019tit coup de gueule de Michel Sardou<\/a><\/p>\n","protected":false},"excerpt":{"rendered":"la boulette &#8211; Pendant quelques instants, la cha\u00eene RMC Story a annonc\u00e9 par erreur le d\u00e9c\u00e8s de Michel&hellip;\n","protected":false},"author":2,"featured_media":697401,"comment_status":"","ping_status":"","sticky":false,"template":"","format":"standard","meta":{"footnotes":""},"categories":[1586],"tags":[11,12444,1777,674,1779,1011,27,22129,21142,30040,12,25,10319,1778,364],"class_list":{"0":"post-697400","1":"post","2":"type-post","3":"status-publish","4":"format-standard","5":"has-post-thumbnail","7":"category-europe","8":"tag-actualites","9":"tag-erreur","10":"tag-eu","11":"tag-europe","12":"tag-european-union","13":"tag-fr","14":"tag-france","15":"tag-la-mort","16":"tag-les-grandes-gueules","17":"tag-michel-sardou","18":"tag-news","19":"tag-republique-francaise","20":"tag-rmc","21":"tag-ue","22":"tag-union-europeenne"},"share_on_mastodon":{"url":"https:\/\/pubeurope.com\/@fr\/115978630841997444","error":""},"_links":{"self":[{"href":"https:\/\/www.europesays.com\/fr\/wp-json\/wp\/v2\/posts\/697400","targetHints":{"allow":["GET"]}}],"collection":[{"href":"https:\/\/www.europesays.com\/fr\/wp-json\/wp\/v2\/posts"}],"about":[{"href":"https:\/\/www.europesays.com\/fr\/wp-json\/wp\/v2\/types\/post"}],"author":[{"embeddable":true,"href":"https:\/\/www.europesays.com\/fr\/wp-json\/wp\/v2\/users\/2"}],"replies":[{"embeddable":true,"href":"https:\/\/www.europesays.com\/fr\/wp-json\/wp\/v2\/comments?post=697400"}],"version-history":[{"count":0,"href":"https:\/\/www.europesays.com\/fr\/wp-json\/wp\/v2\/posts\/697400\/revisions"}],"wp:featuredmedia":[{"embeddable":true,"href":"https:\/\/www.europesays.com\/fr\/wp-json\/wp\/v2\/media\/697401"}],"wp:attachment":[{"href":"https:\/\/www.europesays.com\/fr\/wp-json\/wp\/v2\/media?parent=697400"}],"wp:term":[{"taxonomy":"category","embeddable":true,"href":"https:\/\/www.europesays.com\/fr\/wp-json\/wp\/v2\/categories?post=697400"},{"taxonomy":"post_tag","embeddable":true,"href":"https:\/\/www.europesays.com\/fr\/wp-json\/wp\/v2\/tags?post=697400"}],"curies":[{"name":"wp","href":"https:\/\/api.w.org\/{rel}","templated":true}]}}