{"id":697410,"date":"2026-01-29T13:40:11","date_gmt":"2026-01-29T13:40:11","guid":{"rendered":"https:\/\/www.europesays.com\/fr\/697410\/"},"modified":"2026-01-29T13:40:11","modified_gmt":"2026-01-29T13:40:11","slug":"parcours-du-tour-auvergne-rhone-alpes-2026-chrono-par-equipes-de-284-km-un-final-au-plateau-de-solaison-retrouvez-les-profils-des-etapes-lequipe","status":"publish","type":"post","link":"https:\/\/www.europesays.com\/fr\/697410\/","title":{"rendered":"Parcours du Tour Auvergne-Rh\u00f4ne-Alpes 2026 : chrono par \u00e9quipes de 28,4 km, un final au Plateau de Solaison, retrouvez les profils des \u00e9tapes &#8211; L&#039;\u00c9quipe"},"content":{"rendered":"<ol>\n<li><a href=\"https:\/\/news.google.com\/rss\/articles\/CBMipAJBVV95cUxPT0UwVjFxU1VmQjV3Y0ZsaWZ4UEk1dXpKZE55V1RlcDZmMUZCYlRWTGhiRWhSSDFRcXQyU1UtLVZXeHl5QXBSMTg4d1M2QUtVWTRmV2JDTmVSUFRZV240U1E2QllNVWlMQloza1hOaFJNemwxTzVQRlBzdVI4WHJ6ckRFbmhZZ3pCXzBaSFJnYXZ1LVRBMFdjaWhrQ281cDZrS3ZNSTlZTjYyclcweVBSaG9Xbkl5bGs2WGtka3pIckdVczZSMVVvbVZ6cTFPOUlxaURsaFZNX2pQb1FLZ0NfSUtRcEN0d1Q0U3psNGdIVUxLeHNtbVU0TVlJRk5YZlR5VlhqY1NCNjV2UlRWSHJpVFFrZW9VNG9IRWhyamo3NU1hN2xW?oc=5\" target=\"_blank\" rel=\"noopener\">Parcours du Tour Auvergne-Rh\u00f4ne-Alpes 2026 : chrono par \u00e9quipes de 28,4 km, un final au Plateau de Solaison, retrouvez les profils des \u00e9tapes<\/a>&nbsp;&nbsp;L&rsquo;\u00c9quipe<\/li>\n<li><a href=\"https:\/\/news.google.com\/rss\/articles\/CBMitgFBVV95cUxOdkVLakg5SEhfbDBQOWtPV19acDBocTJfSU9qcFRrV0Zzb0poQkJhamZGQW11NUlEcWVEOWZTZENwb1F2SGtzUWZCTkk0VTBoM09HUVZoYWRzNFVYcDhoSjdrNUh1NlJScWxzNktaWmVydVYzUlpaRTJVaUJDMWRreS1LaVQyUDB4YmNzZHRlMFNOaWh1YVRCM0FPYTV6bnNNQW1XSVRubDRkV1k4cy16MHVaRUFsdw?oc=5\" target=\"_blank\" rel=\"noopener\">Cyclisme. Tour Auvergne-Rh\u00f4ne-Alpes : parcours, profils&#8230; d\u00e9couvrez le trac\u00e9 en images<\/a>&nbsp;&nbsp;ledauphine.com<\/li>\n<li><a href=\"https:\/\/news.google.com\/rss\/articles\/CBMi-gFBVV95cUxPUXdDNDRnT0NydkNlVV91MVV0Ym1yUWNTcm5mYWI0ZWFZMHlaMGpQWDhDcGxPcDhQTUdoV0ZtcTVNR0J2NkRuZFlEVENVNWZMVDlfMEVNSW1ZaG1JNTB1dXVibXF6VGt3LVZWUFliR0dQbUdpdk05QkVyQmRnYjBlUU51U1o4ckhTVVJoZ0JlY3ByM2JOUGJsbnAzQV9kNzNJczRBQXpFTzM0NUtKN0VVdThLa25YUFpVWTQ2RVhUZkhPT0tHYzg0XzRrZGROWU9FTE5ObUZHZkloUEh1V3dNc2FFaHJEQzBMbUdCYmxFQUdWaUxLYVBIZjB3?oc=5\" target=\"_blank\" rel=\"noopener\">Cyclisme : le Tour Auvergne Rh\u00f4ne-Alpes d\u00e9voile son parcours avec un d\u00e9part et une arriv\u00e9e au Puy-en-Velay<\/a>&nbsp;&nbsp;lamontagne.fr<\/li>\n<li><a href=\"https:\/\/news.google.com\/rss\/articles\/CBMirgJBVV95cUxQSDNscTZYYmc4Z1lZaDY4SnBnLWtNR1VyQTFCSWM3a2VwWHpCRGpPVzNHMnhoQWw2cHRmOVFneXRCeXB4RUZyV1hUTlppZVFBa1ZvX0JjZXdnV3A3RHU0aEZlY3pZclpLazdMNTlrck4tWDltcHg1RzBXVmNXMVZjN3M2ck1JN0NNMy1mcF9RTENSbjRfa3cxNnd2WENlaTRybjBZU1BpOVhnSTNpOE5mOEVwSWtvUGlmNGhBREFleENMU0V5VzVRMTZZSzRaOTJFUzNESmIxS1BMTUI4cmY0cFFxdUxJRXJzQ296TVl5UWhfR01iX1A0aDhzVHJyVjNkSFJRdGx4Z1NBaTdSR1dfMndQWFVmRDlKcVBoM0RjVE1GLUV3SWVjWEJsWVpBZw?oc=5\" target=\"_blank\" rel=\"noopener\">Cyclisme. Tour Auvergne Rh\u00f4ne-Alpes : le plateau de Solaison servira de r\u00e9p\u00e9tition avant le Tour de France<\/a>&nbsp;&nbsp;Ouest-France<\/li>\n<li><a href=\"https:\/\/news.google.com\/rss\/articles\/CBMi0gFBVV95cUxQMDdHX2ZJd2dhbWxMZmN1ZmlQeWVhQVpYdzZJdUhTNFhSS3pNWlQzTnFyX05aOGY0eU1WOFNXSXdIb0UzQ1hhT29OSFRuNkJRTWpyRUhHRTBzYkdxVW1NVWZRX1BRU25NV1hqaUxkc3p4LVRfQWY3cHhVQnIyTU5lYmwtd3cwbkNSeXhKSjByRHFQN1B1MEdNTHlXNG5wMFRfVU1MUjlDeklKQzdmRkJ3bzZTc1ZUc29FNjhhbHJYQnE4QnR5LWRRd3NUUEloZ0p5Rmc?oc=5\" target=\"_blank\" rel=\"noopener\">Tour Auvergne-Rh\u00f4ne-Alpes : d\u00e9couvrez le parcours d\u00e9voil\u00e9 ce matin<\/a>&nbsp;&nbsp;France 3 R\u00e9gions<\/li>\n<\/ol>\n","protected":false},"excerpt":{"rendered":"Parcours du Tour Auvergne-Rh\u00f4ne-Alpes 2026 : chrono par \u00e9quipes de 28,4 km, un final au Plateau de Solaison,&hellip;\n","protected":false},"author":2,"featured_media":697411,"comment_status":"","ping_status":"","sticky":false,"template":"","format":"standard","meta":{"footnotes":""},"categories":[1411],"tags":[1154,207,1011,27,60],"class_list":{"0":"post-697410","1":"post","2":"type-post","3":"status-publish","4":"format-standard","5":"has-post-thumbnail","7":"category-cyclisme","8":"tag-cycling","9":"tag-cyclisme","10":"tag-fr","11":"tag-france","12":"tag-sports"},"share_on_mastodon":{"url":"https:\/\/pubeurope.com\/@fr\/115978674059355139","error":""},"_links":{"self":[{"href":"https:\/\/www.europesays.com\/fr\/wp-json\/wp\/v2\/posts\/697410","targetHints":{"allow":["GET"]}}],"collection":[{"href":"https:\/\/www.europesays.com\/fr\/wp-json\/wp\/v2\/posts"}],"about":[{"href":"https:\/\/www.europesays.com\/fr\/wp-json\/wp\/v2\/types\/post"}],"author":[{"embeddable":true,"href":"https:\/\/www.europesays.com\/fr\/wp-json\/wp\/v2\/users\/2"}],"replies":[{"embeddable":true,"href":"https:\/\/www.europesays.com\/fr\/wp-json\/wp\/v2\/comments?post=697410"}],"version-history":[{"count":0,"href":"https:\/\/www.europesays.com\/fr\/wp-json\/wp\/v2\/posts\/697410\/revisions"}],"wp:featuredmedia":[{"embeddable":true,"href":"https:\/\/www.europesays.com\/fr\/wp-json\/wp\/v2\/media\/697411"}],"wp:attachment":[{"href":"https:\/\/www.europesays.com\/fr\/wp-json\/wp\/v2\/media?parent=697410"}],"wp:term":[{"taxonomy":"category","embeddable":true,"href":"https:\/\/www.europesays.com\/fr\/wp-json\/wp\/v2\/categories?post=697410"},{"taxonomy":"post_tag","embeddable":true,"href":"https:\/\/www.europesays.com\/fr\/wp-json\/wp\/v2\/tags?post=697410"}],"curies":[{"name":"wp","href":"https:\/\/api.w.org\/{rel}","templated":true}]}}