{"id":697414,"date":"2026-01-29T13:42:10","date_gmt":"2026-01-29T13:42:10","guid":{"rendered":"https:\/\/www.europesays.com\/fr\/697414\/"},"modified":"2026-01-29T13:42:10","modified_gmt":"2026-01-29T13:42:10","slug":"charlotte-casiraghi-face-a-lalcoolisme-ces-ecrits-qui-sement-le-doute","status":"publish","type":"post","link":"https:\/\/www.europesays.com\/fr\/697414\/","title":{"rendered":"Charlotte Casiraghi face \u00e0 l&rsquo;alcoolisme ? Ces \u00e9crits qui s\u00e8ment le doute"},"content":{"rendered":"<p>En pleine promotion de <strong>La F\u00ealure<\/strong>, dont la sortie est pr\u00e9vue ce jeudi 29 janvier 2026, <a href=\"https:\/\/www.public.fr\/tag\/charlotte-casiraghi\" target=\"_blank\" rel=\"noopener\"><strong>Charlotte<\/strong> <strong>Casiraghi<\/strong><\/a> \u00e9tait l&rsquo;invit\u00e9e du dernier num\u00e9ro de <strong>La Grande Librairie<\/strong>.<\/p>\n<p>\u00c9galement pr\u00e9sent sur le plateau de l&rsquo;\u00e9mission culte, l&rsquo;\u00e9crivain <strong>J. M. G. Le Cl\u00e9zio<\/strong> a profit\u00e9 du passage de la ni\u00e8ce du prince Albert II pour donner son point de vue sur l&rsquo;ouvrage. <\/p>\n<p>Devant les cam\u00e9ras, il a notamment mis en lumi\u00e8re un sujet r\u00e9current dans les pages de l&rsquo;essai : celui de <strong>l&rsquo;addiction \u00e0 l&rsquo;alcool<\/strong>.<\/p>\n<p>L&rsquo;alcoolisme : un sujet intime pour Charlotte Casiraghi ?<\/p>\n<p>L&rsquo;auteur a cit\u00e9 plusieurs figures majeures, parmi lesquelles Scott Fitzgerald, Marguerite Duras ou encore Gilles Deleuze. \u00c0 ses yeux, ces artistes partageaient <strong>une relation destructrice \u00e0 l&rsquo;alcool<\/strong>, un th\u00e8me qui l&rsquo;a manifestement frapp\u00e9 au fil de sa lecture. Pour J. M. G. Le Cl\u00e9zio, le message central tient dans cette id\u00e9e que celui qui boit finit par \u00eatre englouti par la substance qu&rsquo;il consomme.<\/p>\n<p>Face \u00e0 cette analyse pour le moins pertinente, Augustin Trapenard a donc interrog\u00e9 Charlotte Casiraghi. L&rsquo;animateur vedette a en effet souhait\u00e9 savoir si la d\u00e9pendance \u00e0 l&rsquo;alcool touchait directement \u00e0 l&rsquo;intimit\u00e9 de la princesse. <\/p>\n<p>Une question \u00e0 laquelle l&rsquo;int\u00e9ress\u00e9e et J. M. G. Le Cl\u00e9zio ont tous deux r\u00e9pondu par la n\u00e9gative : \u00ab\u00a0Non, non, pas du tout\u00a0\u00bb. <\/p>\n<p>\u00ab\u00a0On m\u2019a trop souvent r\u00e9duite \u00e0 une image sur papier glac\u00e9\u00a0\u00bb<\/p>\n<p>Outre ce sujet d\u00e9licat, l&rsquo;ex de Gad Elmaleh a \u00e9galement abord\u00e9 d&rsquo;autres th\u00e8mes comme la fragilit\u00e9 humaine. Pour elle, vivre intens\u00e9ment est indispensable : \u00ab\u00a0Ce n\u2019est pas parce qu&rsquo;on a des fragilit\u00e9s qu&rsquo;il faut se surprot\u00e9ger. Ou parfois, il faut risquer la casse pour vivre vraiment.\u00a0\u00bb<\/p>\n<p>En marge de ces r\u00e9v\u00e9lations, elle a aussi souhait\u00e9 mis en cause certains st\u00e9r\u00e9otypes dont elle a pu souffrir par le pass\u00e9 : \u00ab\u00a0<strong>On m\u2019a trop souvent r\u00e9duite \u00e0 une image sur papier glac\u00e9, \u00e0 une vie de r\u00eave et de privil\u00e8ge<\/strong>\u00ab\u00a0. <\/p>\n<p>\u00ab\u00a0Je crois que je me suis souvent pos\u00e9e la question de savoir si je prenais la parole \u200b\u200bpour parler de la fragilit\u00e9, est-ce qu&rsquo;on ne me renverrait pas \u00e0 cette image un peu facile ?\u00a0\u00bb, a-t-elle conclu. De touchantes confidences. <\/p>\n<p>\n          Hits &amp; People en continu\n        <\/p>\n<p>\n          Public Radio\n        <\/p>\n<p>      Mentionn\u00e9s dans cet article<\/p>\n<p>      Sur le m\u00eame sujet<\/p>\n","protected":false},"excerpt":{"rendered":"En pleine promotion de La F\u00ealure, dont la sortie est pr\u00e9vue ce jeudi 29 janvier 2026, Charlotte Casiraghi&hellip;\n","protected":false},"author":2,"featured_media":697415,"comment_status":"","ping_status":"","sticky":false,"template":"","format":"standard","meta":{"footnotes":""},"categories":[1359],"tags":[4826,4549,58,59,1011,27,2003,973],"class_list":{"0":"post-697414","1":"post","2":"type-post","3":"status-publish","4":"format-standard","5":"has-post-thumbnail","7":"category-people","8":"tag-alcoolisme","9":"tag-charlotte-casiraghi","10":"tag-divertissement","11":"tag-entertainment","12":"tag-fr","13":"tag-france","14":"tag-livre","15":"tag-people"},"share_on_mastodon":{"url":"https:\/\/pubeurope.com\/@fr\/115978681945677839","error":""},"_links":{"self":[{"href":"https:\/\/www.europesays.com\/fr\/wp-json\/wp\/v2\/posts\/697414","targetHints":{"allow":["GET"]}}],"collection":[{"href":"https:\/\/www.europesays.com\/fr\/wp-json\/wp\/v2\/posts"}],"about":[{"href":"https:\/\/www.europesays.com\/fr\/wp-json\/wp\/v2\/types\/post"}],"author":[{"embeddable":true,"href":"https:\/\/www.europesays.com\/fr\/wp-json\/wp\/v2\/users\/2"}],"replies":[{"embeddable":true,"href":"https:\/\/www.europesays.com\/fr\/wp-json\/wp\/v2\/comments?post=697414"}],"version-history":[{"count":0,"href":"https:\/\/www.europesays.com\/fr\/wp-json\/wp\/v2\/posts\/697414\/revisions"}],"wp:featuredmedia":[{"embeddable":true,"href":"https:\/\/www.europesays.com\/fr\/wp-json\/wp\/v2\/media\/697415"}],"wp:attachment":[{"href":"https:\/\/www.europesays.com\/fr\/wp-json\/wp\/v2\/media?parent=697414"}],"wp:term":[{"taxonomy":"category","embeddable":true,"href":"https:\/\/www.europesays.com\/fr\/wp-json\/wp\/v2\/categories?post=697414"},{"taxonomy":"post_tag","embeddable":true,"href":"https:\/\/www.europesays.com\/fr\/wp-json\/wp\/v2\/tags?post=697414"}],"curies":[{"name":"wp","href":"https:\/\/api.w.org\/{rel}","templated":true}]}}