{"id":697416,"date":"2026-01-29T13:43:23","date_gmt":"2026-01-29T13:43:23","guid":{"rendered":"https:\/\/www.europesays.com\/fr\/697416\/"},"modified":"2026-01-29T13:43:23","modified_gmt":"2026-01-29T13:43:23","slug":"daphne-du-barry-sculptrice-de-la-divine-proportion","status":"publish","type":"post","link":"https:\/\/www.europesays.com\/fr\/697416\/","title":{"rendered":"Daphn\u00e9 du Barry, sculptrice de la divine proportion"},"content":{"rendered":"<p>Inspir\u00e9e par l\u2019harmonie et les belles proportions du style classique, Daphn\u00e9 du Barry, sculptrice, s\u2019\u00e9rige en repr\u00e9sentante europ\u00e9enne de ce mouvement.<\/p>\n<p>Certains berceaux ont \u00e9t\u00e9 g\u00e2t\u00e9s de pluies de gr\u00e2ces. Et celui de Daphn\u00e9 du Barry, 76 ans, en fait partie. D\u00e9montrant un travail d\u2019une remarquable intelligence, la sculptrice n\u00e9erlandaise aux multiples talents s\u2019est b\u00e2tie une renomm\u00e9e artistique au fil des ann\u00e9es \u2013 on lui doit notamment le Monument \u00e0 Charles de Foucauld \u00e0 Strasbourg, le Bapt\u00eame de Clovis \u00e0 Reims, ou encore la statue \u00e9questre de D\u2019Artagnan dans le Gers. Port\u00e9e par la recherche de la v\u00e9rit\u00e9 et de la divine proportion, l\u2019artiste \u00e0 la foi bien ancr\u00e9e ne cesse de mettre son art au service de Dieu.<\/p>\n<p>Avant d\u2019exceller dans l\u2019art de couler le bronze, Daphn\u00e9 du Barry a garni son portefeuille d\u2019une arm\u00e9e de comp\u00e9tences. N\u00e9e en 1950 aux Pays-Bas, elle \u00e9tudie d\u2019abord les langues \u00e0 l\u2019universit\u00e9 \u2013 aujourd\u2019hui, elle en parle sept \u2013, avant de s\u2019int\u00e9resser aux lettres modernes et d\u2019int\u00e9grer la Sorbonne. Elle s\u2019essaie m\u00eame au chant, signant un 45 tours \u00e0 succ\u00e8s en 1982.<\/p>\n<p>Daphn\u00e9 du Barry trouve finalement sa vocation dans le domaine de la sculpture, au d\u00e9tour de deux rencontres marquantes : \u00e0 Paris, sa route croise celle du ma\u00eetre hongrois Akos Szabo, aupr\u00e8s de qui la jeune artiste \u00e9tudie cinq ans le dessin, avant de rencontrer le ma\u00eetre Marcello Tommasi, qui l\u2019accueille dans son atelier \u00e0 Florence. La jeune artiste ne quittera plus cet art si pointilleux.<\/p>\n<p>Une r\u00e9v\u00e9lation \u00ab\u00a0extraordinaire\u00a0\u00bb<\/p>\n<p>Sur les terres des anciens qui l\u2019inspirent tant \u2013 elle voue une grande admiration \u00e0 Michel-Ange et Donatello \u2013, Daphn\u00e9 du Barry sublime les belles proportions et transcende l\u2019expression de ses n\u00e9r\u00e9ides. Et avec une humilit\u00e9 d\u00e9routante : \u00ab\u00a0Dieu m\u2019a beaucoup g\u00e2t\u00e9e de tous ces dons. Gr\u00e2ce \u00e0 ce cheminement, j\u2019ai compris ce qu\u2019Il voulait de moi : me servir de l\u2019art pour frayer un chemin jusqu\u2019\u00e0 lui.\u00a0\u00bb<\/p>\n<p><img decoding=\"async\" src=\"https:\/\/www.europesays.com\/fr\/wp-content\/uploads\/2026\/01\/daphne-du-barry-CDF.jpg\" alt=\"\" class=\"wp-image-1057722\" style=\"width:451px;height:auto\"\/><\/p>\n<p>Si la sculptrice justifie ce virage professionnel comme un message de Dieu, c\u2019est \u00e0 posteriori, car elle n\u2019a pas toujours eu la foi. \u00ab\u00a0Ma m\u00e8re est issue d\u2019une famille catholique et mon p\u00e8re protestant, sans que je ne me sois jamais pos\u00e9 de questions. Durant ma jeunesse, je me suis tourn\u00e9e vers diff\u00e9rentes croyances et philosophies, sans que rien ne me satisfasse,\u00a0\u00bb admet-elle.<\/p>\n<p>La rencontre divine a lieu \u00e0 la fin de sa trentaine, alors que la sculptrice \u00e9prouve des difficult\u00e9s dans l\u2019\u00e9laboration d\u2019une Madeleine p\u00e9nitente. \u00ab\u00a0Je me suis surprise \u00e0 me tourner vers le Seigneur pour lui demander de l\u2019aide.\u00a0\u00bb Pour la sculptrice \u00e9rudite qui a tant lu dans sa vie, cette r\u00e9v\u00e9lation \u00ab\u00a0extraordinaire\u00a0\u00bb est une \u00e9vidence.<\/p>\n<p>\u00ab\u00a0Sans dimension spirituelle, une \u0153uvre reste tr\u00e8s mat\u00e9rielle\u00a0\u00bb<\/p>\n<p>Dans ses ateliers r\u00e9partis entre la France, la Toscane et Monaco, cette brillante passionn\u00e9e travaille en silence, ou guid\u00e9e par des chants religieux. \u00ab\u00a0Quand je sculpte, je prie. Cela me permet d\u2019\u00eatre en communion avec les protagonistes. Et plus une \u0153uvre transcende l\u2019\u00e2me, plus elle nous rapproche de Dieu.\u00a0\u00bb Cette rencontre avec le Christ explique en partie son amour pour le mouvement classique, qui accorde tant d\u2019importance au nombre d\u2019or. \u00ab\u00a0Nous portons tous en nous la divine proportion, car nous avons \u00e9t\u00e9 cr\u00e9\u00e9s \u00e0 l\u2019image de Dieu,\u00a0\u00bb assure Daphn\u00e9 du Barry.<\/p>\n<p>Comme Platon qui \u00e9voquait la splendeur du vrai et de l\u2019harmonie, l\u2019artiste voit dans la beaut\u00e9 des \u0153uvres une simple retranscription de la v\u00e9rit\u00e9. \u00ab\u00a0Une belle \u0153uvre d\u2019art est une \u00e9l\u00e9vation, donc elle est in\u00e9vitablement porteuse d\u2019une r\u00e9f\u00e9rence de l\u2019au-del\u00e0. Sans dimension spirituelle, une \u0153uvre reste tr\u00e8s mat\u00e9rielle.\u00a0\u00bb<\/p>\n<p>Exposer pour \u00e9duquer<\/p>\n<p>Mais comment d\u00e9celer la beaut\u00e9 d\u2019une \u0153uvre ? \u00ab\u00a0En se mettant sous l\u2019\u00e9gide du bon ma\u00eetre,\u00a0\u00bb glisse Daphn\u00e9 du Barry, guid\u00e9e par les pr\u00e9ceptes de saint Thomas d\u2019Aquin. \u00ab\u00a0Le philosophe a donn\u00e9 trois conditions pour que la beaut\u00e9 d\u00e9lecte l\u2019intelligence : l\u2019int\u00e9grit\u00e9, l\u2019harmonie et l\u2019\u00e9clat. Une \u0153uvre est compl\u00e8te si ces trois \u00e9l\u00e9ments sont r\u00e9unis.\u00a0\u00bb<\/p>\n<p>Mais ce n\u2019est pas tout. Habitu\u00e9e des expositions, Daphn\u00e9 du Barry a compris avec le temps l\u2019importance de pr\u00e9senter les \u0153uvres au public. Avec \u00e9motion, elle se rem\u00e9more la venue d\u2019enfants handicap\u00e9s lors d\u2019une sortie scolaire : \u00ab\u00a0Les enfants \u00e9taient dot\u00e9s d\u2019une grande sensibilit\u00e9. Ils touchaient mes sculptures, puis revenaient vers moi et me touchaient le visage\u2026 J\u2019ai compris qu\u2019ils vivaient de sensations, c\u2019\u00e9tait bouleversant.\u00a0\u00bb<\/p>\n<p>D\u2019apr\u00e8s l\u2019artiste, la repr\u00e9sentation aide \u00e0 la compr\u00e9hension. \u00ab\u00a0\u00c0 travers l\u2019image, la personne comprend. Regardez dans les \u00e9glises ! Les cath\u00e9drales sont remplies de symboles qui parlent de la vie de J\u00e9sus. L\u2019art \u00e9duque, mais il peut aussi convertir.\u00a0\u00bb<\/p>\n","protected":false},"excerpt":{"rendered":"Inspir\u00e9e par l\u2019harmonie et les belles proportions du style classique, Daphn\u00e9 du Barry, sculptrice, s\u2019\u00e9rige en repr\u00e9sentante europ\u00e9enne&hellip;\n","protected":false},"author":2,"featured_media":697417,"comment_status":"","ping_status":"","sticky":false,"template":"","format":"standard","meta":{"footnotes":""},"categories":[1358],"tags":[1348,1384,1385,1386,58,59,1011,27],"class_list":{"0":"post-697416","1":"post","2":"type-post","3":"status-publish","4":"format-standard","5":"has-post-thumbnail","7":"category-arts-et-design","8":"tag-arts","9":"tag-arts-and-design","10":"tag-arts-et-design","11":"tag-design","12":"tag-divertissement","13":"tag-entertainment","14":"tag-fr","15":"tag-france"},"share_on_mastodon":{"url":"https:\/\/pubeurope.com\/@fr\/115978685850567397","error":""},"_links":{"self":[{"href":"https:\/\/www.europesays.com\/fr\/wp-json\/wp\/v2\/posts\/697416","targetHints":{"allow":["GET"]}}],"collection":[{"href":"https:\/\/www.europesays.com\/fr\/wp-json\/wp\/v2\/posts"}],"about":[{"href":"https:\/\/www.europesays.com\/fr\/wp-json\/wp\/v2\/types\/post"}],"author":[{"embeddable":true,"href":"https:\/\/www.europesays.com\/fr\/wp-json\/wp\/v2\/users\/2"}],"replies":[{"embeddable":true,"href":"https:\/\/www.europesays.com\/fr\/wp-json\/wp\/v2\/comments?post=697416"}],"version-history":[{"count":0,"href":"https:\/\/www.europesays.com\/fr\/wp-json\/wp\/v2\/posts\/697416\/revisions"}],"wp:featuredmedia":[{"embeddable":true,"href":"https:\/\/www.europesays.com\/fr\/wp-json\/wp\/v2\/media\/697417"}],"wp:attachment":[{"href":"https:\/\/www.europesays.com\/fr\/wp-json\/wp\/v2\/media?parent=697416"}],"wp:term":[{"taxonomy":"category","embeddable":true,"href":"https:\/\/www.europesays.com\/fr\/wp-json\/wp\/v2\/categories?post=697416"},{"taxonomy":"post_tag","embeddable":true,"href":"https:\/\/www.europesays.com\/fr\/wp-json\/wp\/v2\/tags?post=697416"}],"curies":[{"name":"wp","href":"https:\/\/api.w.org\/{rel}","templated":true}]}}