{"id":697418,"date":"2026-01-29T13:45:11","date_gmt":"2026-01-29T13:45:11","guid":{"rendered":"https:\/\/www.europesays.com\/fr\/697418\/"},"modified":"2026-01-29T13:45:11","modified_gmt":"2026-01-29T13:45:11","slug":"thomas-isle-raconte-la-fois-ou-un-invite-de-culture-medias-a-voulu-lui-peter-la-gueule","status":"publish","type":"post","link":"https:\/\/www.europesays.com\/fr\/697418\/","title":{"rendered":"Thomas Isle raconte la fois o\u00f9 un invit\u00e9 de \u00ab\u00a0Culture M\u00e9dias\u00a0\u00bb a voulu lui \u00ab\u00a0p\u00e9ter la gueule\u00a0\u00bb"},"content":{"rendered":"<p>Culture M\u00e9dias a r\u00e9cemment f\u00eat\u00e9 sa 500e \u00e9mission sur <a href=\"https:\/\/www.20minutes.fr\/arts-stars\/medias\/4195766-20260113-audiences-radio-france-inter-reste-leader-europe-1-france-culture-nova-montent\" rel=\"nofollow noopener\" target=\"_blank\" class=\"c-link c-link--is-underlined\">Europe 1<\/a>. Et depuis\u00a02023, Thomas Isle a eu le temps de faire de belles rencontres et de recevoir, au quotidien, ceux qui font la culture. Mais pas seulement, si l\u2019on en croit les mots du journaliste dans <a href=\"https:\/\/tvmag.lefigaro.fr\/programme-tv\/actu-tele\/ce-sont-des-moments-tres-douloureux-thomas-isle-europe-1-revient-sur-la-fausse-couche-de-sa-femme-carole-tolila-20260128\" rel=\"nofollow noopener\" target=\"_blank\" class=\"c-link c-link--is-underlined\">Buzz TV<\/a>, du Figaro.<\/p>\n<p>La relation avec un invit\u00e9 en particulier, qu\u2019il ne nomme pas, s\u2019est r\u00e9v\u00e9l\u00e9e particuli\u00e8rement \u00ab\u00a0tendue\u00a0\u00bb. \u00ab\u00a0Je l\u2019ai lanc\u00e9 sur un sujet sans savoir que ce sujet \u00e9tait totalement interdit\u00a0\u00bb, a racont\u00e9 l\u2019animateur de 44 ans. \u00ab\u00a0La personne s\u2019est lev\u00e9e imm\u00e9diatement, furieuse, m\u2019a attrap\u00e9 le bras en me disant\u00a0: \u00ab\u00a0Je vais te p\u00e9ter la gueule\u00a0\u00bb\u00a0\u00bb.<\/p>\n<p>La peur des \u00ab\u00a0boulettes\u00a0\u00bb<\/p>\n<p>Heureusement, cet \u00e9pisode de Culture M\u00e9dias n\u2019a &#8211; pour une fois \u2013 pas \u00e9t\u00e9 enregistr\u00e9 en direct. \u00ab\u00a0On a d\u00fb arr\u00eater l\u2019\u00e9mission, sortir en dehors du studio. Je l\u2019ai calm\u00e9 en lui disant que la s\u00e9quence serait coup\u00e9e\u00a0\u00bb, a expliqu\u00e9 <a href=\"https:\/\/www.20minutes.fr\/arts-stars\/culture\/musique\/4198566-20260128-victoires-musique-pascal-obispo-explique-pourquoi-presentera-plus-ceremonie\" rel=\"nofollow noopener\" target=\"_blank\" class=\"c-link c-link--is-underlined\">Thomas Isle<\/a>. Et il semblerait que ses efforts aient pay\u00e9, puisque l\u2019animateur et son invit\u00e9 sont \u00ab\u00a0repartis comme si de rien n\u2019\u00e9tait\u00a0\u00bb. \u00ab\u00a0L\u2019\u00e9mission \u00e9tait plut\u00f4t bien \u00e0 l\u2019arriv\u00e9e\u00a0\u00bb, s\u2019est m\u00eame amus\u00e9 le p\u00e8re d\u2019Edgar, n\u00e9 en\u00a02012, et de Thelma, n\u00e9e en\u00a02016.<\/p>\n<p>\u00ab\u00a0On se rend compte qu\u2019il y a de plus en plus de gens qui sont corset\u00e9s par la communication, qui ont peur de parler, de la moindre \u00ab\u00a0boulette\u00a0\u00bb et qui ont une r\u00e9serve absolue\u00a0\u00bb, a-t-il ensuite analys\u00e9. Et selon l\u2019animateur, les <a href=\"https:\/\/www.20minutes.fr\/societe\/4198304-20260128-instagram-tiktok-x-youtube-snapchat-reseaux-sociaux-interdits-mineurs-future-loi\" rel=\"nofollow noopener\" target=\"_blank\" class=\"c-link c-link--is-underlined\">r\u00e9seaux sociaux<\/a> y sont pour quelque chose. \u00ab\u00a0On sait tr\u00e8s bien qu\u2019une petite phrase va \u00eatre reprise et va servir de titre \u00e0 un article. Ils ont tous peur de \u00e7a, ils en sont terroris\u00e9s\u00a0\u00bb, a regrett\u00e9 celui qui \u00ab\u00a0n\u2019aime pas les gens qui ne jouent pas le jeu\u00a0\u00bb.<\/p>\n<p>Pas de quoi le d\u00e9courager dans ses fonctions. \u00ab\u00a0J\u2019ai envie de continuer. J\u2019ai rarement \u00e9t\u00e9 aussi heureux. J\u2019ai beaucoup de chance de faire cette \u00e9mission et de rencontrer tous ces gens. \u00c7a me correspond, j\u2019ai l\u2019impression de me sentir vraiment \u00e0 ma place\u00a0\u00bb, a-t-il assur\u00e9, positif.<\/p>\n","protected":false},"excerpt":{"rendered":"Culture M\u00e9dias a r\u00e9cemment f\u00eat\u00e9 sa 500e \u00e9mission sur Europe 1. Et depuis\u00a02023, Thomas Isle a eu le&hellip;\n","protected":false},"author":2,"featured_media":697419,"comment_status":"","ping_status":"","sticky":false,"template":"","format":"standard","meta":{"footnotes":""},"categories":[1356],"tags":[9827,58,59,1473,1011,27,500,973,1825,252,1364,133],"class_list":{"0":"post-697418","1":"post","2":"type-post","3":"status-publish","4":"format-standard","5":"has-post-thumbnail","7":"category-television","8":"tag-animateur","9":"tag-divertissement","10":"tag-entertainment","11":"tag-europe-1","12":"tag-fr","13":"tag-france","14":"tag-medias","15":"tag-people","16":"tag-radio","17":"tag-television","18":"tag-tv","19":"tag-video"},"share_on_mastodon":{"url":"https:\/\/pubeurope.com\/@fr\/115978693839992469","error":""},"_links":{"self":[{"href":"https:\/\/www.europesays.com\/fr\/wp-json\/wp\/v2\/posts\/697418","targetHints":{"allow":["GET"]}}],"collection":[{"href":"https:\/\/www.europesays.com\/fr\/wp-json\/wp\/v2\/posts"}],"about":[{"href":"https:\/\/www.europesays.com\/fr\/wp-json\/wp\/v2\/types\/post"}],"author":[{"embeddable":true,"href":"https:\/\/www.europesays.com\/fr\/wp-json\/wp\/v2\/users\/2"}],"replies":[{"embeddable":true,"href":"https:\/\/www.europesays.com\/fr\/wp-json\/wp\/v2\/comments?post=697418"}],"version-history":[{"count":0,"href":"https:\/\/www.europesays.com\/fr\/wp-json\/wp\/v2\/posts\/697418\/revisions"}],"wp:featuredmedia":[{"embeddable":true,"href":"https:\/\/www.europesays.com\/fr\/wp-json\/wp\/v2\/media\/697419"}],"wp:attachment":[{"href":"https:\/\/www.europesays.com\/fr\/wp-json\/wp\/v2\/media?parent=697418"}],"wp:term":[{"taxonomy":"category","embeddable":true,"href":"https:\/\/www.europesays.com\/fr\/wp-json\/wp\/v2\/categories?post=697418"},{"taxonomy":"post_tag","embeddable":true,"href":"https:\/\/www.europesays.com\/fr\/wp-json\/wp\/v2\/tags?post=697418"}],"curies":[{"name":"wp","href":"https:\/\/api.w.org\/{rel}","templated":true}]}}