{"id":697420,"date":"2026-01-29T13:46:11","date_gmt":"2026-01-29T13:46:11","guid":{"rendered":"https:\/\/www.europesays.com\/fr\/697420\/"},"modified":"2026-01-29T13:46:11","modified_gmt":"2026-01-29T13:46:11","slug":"le-clip-dhelena-copie-sur-theodora-les-fans-montent-au-creneau","status":"publish","type":"post","link":"https:\/\/www.europesays.com\/fr\/697420\/","title":{"rendered":"le clip d&rsquo;Helena copi\u00e9 sur Theodora ? Les fans montent au cr\u00e9neau"},"content":{"rendered":"<p>\n        Helena se retrouve au coeur d&rsquo;une pol\u00e9mique. Son nouveau clip \u00ab\u00a0Capuche\u00a0\u00bb serait, selon certains internautes, un peu trop inspir\u00e9 par le travail de Theodora sur \u00ab\u00a0Fashion Designa\u00a0\u00bb. Mais peut-on r\u00e9ellement parler de plagiat ?\n    <\/p>\n<p class=\"content-paragraph\"><img decoding=\"async\" src=\"https:\/\/www.europesays.com\/fr\/wp-content\/uploads\/2026\/01\/photo_1769680303.jpg\" class=\"textcenter img-content\" loading=\"lazy\" style=\"margin-bottom: 0;\"\/>YouTube <br \/>Et soudain, Helena devient le Petit Chaperon rouge. Pour illustrer le texte fort de sa chanson <a href=\"https:\/\/www.chartsinfrance.net\/actualite\/news-134858.html\" class=\"articlepage-link\" target=\"_blank\" rel=\"noopener\">\u00ab\u00a0Capuche\u00a0\u00bb<\/a>, la chanteuse belge s&rsquo;est r\u00e9appropri\u00e9e le c\u00e9l\u00e8bre conte pour enfants, plus connu dans sa version de Charles Perrault, afin de dresser un parall\u00e8le contemporain sur le harc\u00e8lement de rue dans <a href=\"https:\/\/www.chartsinfrance.net\/actualite\/news-135128.html\" class=\"articlepage-link\" target=\"_blank\" rel=\"noopener\">son nouveau clip<\/a>, r\u00e9alis\u00e9 par le duo DOZEN (Caballero, Bianca Costa). Gliss\u00e9e sous sa capuche rouge, l&rsquo;artiste rentre chez elle en traversant une for\u00eat lugubre, se sentant menac\u00e9e par les ombres&#8230; Un loup r\u00f4derait-il dans le coin ? \u00ab J&rsquo;ai ma t\u00eate sous la capuche, la nuit, j&rsquo;regarde derri\u00e8re quand je marche \/ Cach\u00e9e sous ma capuche, pourquoi c&rsquo;est pas toi, toi qui te caches ? \u00bb s&rsquo;interroge Helena, se faisant le porte-voix d&rsquo;un fl\u00e9au qui est, pour les femmes, une triste r\u00e9alit\u00e9 : \u00ab Je ne connais aucune femme qui a \u00e9cout\u00e9 cette chanson et qui m&rsquo;a dit qu&rsquo;elle ne se reconnaissait pas dans ce texte \u00bb.<\/p>\n<p>\u00ab\u00a0C&rsquo;est flagrant\u00a0\u00bb<\/p>\n<p class=\"content-paragraph\"> Seulement voil\u00e0, plusieurs plans ont attir\u00e9 l&rsquo;attention des fans de&#8230; Theodora, qui s&rsquo;interrogent. Captures d&rsquo;\u00e9cran \u00e0 l&rsquo;appui, certains internautes dressent des comparaisons entre le clip de \u00ab\u00a0Capuche\u00a0\u00bb et celui de <a href=\"https:\/\/www.chartsinfrance.net\/Theodora\/news-132834.html\" class=\"articlepage-link\" target=\"_blank\" rel=\"noopener\">\u00ab\u00a0Fashion Designa\u00a0\u00bb<\/a>, pour lequel celle que l&rsquo;on surnomme \u00ab\u00a0Boss Lady\u00a0\u00bb est <a href=\"https:\/\/www.chartsinfrance.net\/actualite\/news-134947.html\" class=\"articlepage-link\" target=\"_blank\" rel=\"noopener\">nomm\u00e9e aux Victoires de la Musique 2026<\/a>. \u00ab Mais Helena et son \u00e9quipe, ils sont tellement \u00e0 l&rsquo;aise. La fa\u00e7on dont ils ont pomp\u00e9 toute la DA du clip de Theodora ! C&rsquo;est honteux. Encore un exemple de femmes noires qui se font voler leur travail \u00bb d\u00e9nonce une utilisatrice sur X, quelques mois apr\u00e8s <a href=\"https:\/\/www.chartsinfrance.net\/Yseult\/news-134065.html\" class=\"articlepage-link\" target=\"_blank\" rel=\"noopener\">une affaire de plagiat ayant touch\u00e9 Yseult<\/a>. \u00ab Si Theodora se plaint, ils vont essayer de la faire culpabiliser en la faisant passer pour la angry black woman, comme ils avaient fait pour Yseult \u00bb rench\u00e9rit une autre. \u00ab C&rsquo;est flagrant \u00bb \u00e9crit-on encore.<\/p>\n<blockquote class=\"twitter-tweet\">\n<p lang=\"zxx\" dir=\"ltr\"><a href=\"https:\/\/t.co\/2RMC7NEGtq\">pic.twitter.com\/2RMC7NEGtq<\/a><\/p>\n<p>\u2014 ICY ROMERO \ud83c\udf67\ud83c\udfc4\ud83c\udffd\u200d\u2640\ufe0f (@icy_romero) <a href=\"https:\/\/twitter.com\/icy_romero\/status\/2016588197006868527?ref_src=twsrc%5Etfw\" target=\"_blank\" rel=\"noopener\">January 28, 2026<\/a><\/p><\/blockquote>\n<p> \u00ab\u00a0Vous aimez \u00e9taler votre manque de culture\u00a0\u00bb<\/p>\n<p class=\"content-paragraph\"> Pour autant, ces quelques similitudes graphiques sur une fraction de plans en font-elles \u00ab un plagiat \u00bb, comme certains l&rsquo;avancent ? \u00c0 y regarder de plus pr\u00e8s, les deux clips font appel \u00e0 des techniques et courants artistiques diff\u00e9rents. \u00ab Tu dis \u00e7a parce que t&rsquo;as zero refs. Le clip de Theodora lui-m\u00eame puise dans les esth\u00e9tiques de Jean-Paul Goude, du pop art et les exp\u00e9rimentations des premiers g\u00e9n\u00e9riques cin\u00e9 anim\u00e9s \u00bb r\u00e9plique un fan. \u00ab Theodora fait de l&rsquo;afro-surrealism (qu&rsquo;elle n&rsquo;a pas invent\u00e9) et Helena joue sur l&rsquo;imaginaire du Petit Chaperon Rouge et le th\u00e9\u00e2tre d&rsquo;ombre. Bref, rien \u00e0 voir \u00bb ajoute un observateur. \u00ab Quand la haine te donne des hallucinations \u00bb, \u00ab Certains vous aimez \u00e9taler votre manque de culture \u00e7a fait peur \u00bb, \u00ab Vous mettez 6 photos qui ressemblent alors que le clip dans l&rsquo;ensemble n&rsquo;a rien \u00e0 voir \u00bb peut-on lire en r\u00e9action.<\/p>\n<blockquote class=\"quote\"><p><b>\u00c0 LIRE &#8211;<\/b> <a href=\"https:\/\/www.chartsinfrance.net\/actualite\/news-135106.html\" class=\"articlepage-link\" target=\"_blank\" rel=\"noopener\">\u00ab\u00a0Ce qui m&rsquo;impressionne&#8230;\u00a0\u00bb : M. Pokora encense Helena apr\u00e8s la \u00ab\u00a0Star Academy\u00a0\u00bb<\/a><\/p><\/blockquote>\n<p> Dans le dernier plan du clip d&rsquo;Helena consacr\u00e9 aux cr\u00e9dits, le Th\u00e9\u00e2tre du N-ombr&rsquo;\u00eele, une troupe d&rsquo;artistes belge sp\u00e9cialis\u00e9e dans les spectacles d&rsquo;ombres chinoises, est d&rsquo;ailleurs mentionn\u00e9e pour sa participation. Pour l&rsquo;heure, ni Theodora ni Helena ne se sont exprim\u00e9es sur ce d\u00e9but de pol\u00e9mique.<\/p>\n<p>                <img loading=\"lazy\" decoding=\"async\" src=\"https:\/\/www.europesays.com\/fr\/wp-content\/uploads\/2025\/10\/favicon.png\" class=\"author-article-picture\" width=\"35\" height=\"35\"\/><\/p>\n<p>                    Par<\/p>\n<p>                                            <a class=\"author-article-bio-link\" href=\"https:\/\/www.chartsinfrance.net\/auteur\/125\/\" target=\"_blank\" rel=\"noopener\">Yohann RUELLE<\/a><\/p>\n<p>                    |<\/p>\n<p>                                            Journaliste<\/p>\n<p>\n                Branch\u00e9 en permanence sur ses playlists, il sait aussi bien parler du dernier album de Kim Petras que du set de techno underground berlinois qu&rsquo;il a regard\u00e9 hier soir sur TikTok. Sa collection de peluches et figurines t\u00e9moigne de son amour pour les grandes ic\u00f4nes de la pop culture.\n            <\/p>\n<p>            <script async src=\"https:\/\/platform.twitter.com\/widgets.js\" charset=\"utf-8\"><\/script><\/p>\n","protected":false},"excerpt":{"rendered":"Helena se retrouve au coeur d&rsquo;une pol\u00e9mique. Son nouveau clip \u00ab\u00a0Capuche\u00a0\u00bb serait, selon certains internautes, un peu trop&hellip;\n","protected":false},"author":2,"featured_media":697421,"comment_status":"","ping_status":"","sticky":false,"template":"","format":"standard","meta":{"footnotes":""},"categories":[1355],"tags":[58,59,1011,27,1361,873],"class_list":{"0":"post-697420","1":"post","2":"type-post","3":"status-publish","4":"format-standard","5":"has-post-thumbnail","7":"category-musique","8":"tag-divertissement","9":"tag-entertainment","10":"tag-fr","11":"tag-france","12":"tag-music","13":"tag-musique"},"share_on_mastodon":{"url":"https:\/\/pubeurope.com\/@fr\/115978697730946886","error":""},"_links":{"self":[{"href":"https:\/\/www.europesays.com\/fr\/wp-json\/wp\/v2\/posts\/697420","targetHints":{"allow":["GET"]}}],"collection":[{"href":"https:\/\/www.europesays.com\/fr\/wp-json\/wp\/v2\/posts"}],"about":[{"href":"https:\/\/www.europesays.com\/fr\/wp-json\/wp\/v2\/types\/post"}],"author":[{"embeddable":true,"href":"https:\/\/www.europesays.com\/fr\/wp-json\/wp\/v2\/users\/2"}],"replies":[{"embeddable":true,"href":"https:\/\/www.europesays.com\/fr\/wp-json\/wp\/v2\/comments?post=697420"}],"version-history":[{"count":0,"href":"https:\/\/www.europesays.com\/fr\/wp-json\/wp\/v2\/posts\/697420\/revisions"}],"wp:featuredmedia":[{"embeddable":true,"href":"https:\/\/www.europesays.com\/fr\/wp-json\/wp\/v2\/media\/697421"}],"wp:attachment":[{"href":"https:\/\/www.europesays.com\/fr\/wp-json\/wp\/v2\/media?parent=697420"}],"wp:term":[{"taxonomy":"category","embeddable":true,"href":"https:\/\/www.europesays.com\/fr\/wp-json\/wp\/v2\/categories?post=697420"},{"taxonomy":"post_tag","embeddable":true,"href":"https:\/\/www.europesays.com\/fr\/wp-json\/wp\/v2\/tags?post=697420"}],"curies":[{"name":"wp","href":"https:\/\/api.w.org\/{rel}","templated":true}]}}