{"id":697422,"date":"2026-01-29T13:47:09","date_gmt":"2026-01-29T13:47:09","guid":{"rendered":"https:\/\/www.europesays.com\/fr\/697422\/"},"modified":"2026-01-29T13:47:09","modified_gmt":"2026-01-29T13:47:09","slug":"jamie-lee-curtis-raconte-linterdiction-de-sa-mere-pour-un-film-dhorreur-culte","status":"publish","type":"post","link":"https:\/\/www.europesays.com\/fr\/697422\/","title":{"rendered":"Jamie Lee Curtis raconte l\u2019interdiction de sa m\u00e8re pour un film d\u2019horreur culte"},"content":{"rendered":"<p class=\"chapo\">Jamie Lee Curtis, aujourd\u2019hui c\u00e9l\u00e8bre pour ses r\u00f4les dans des films d\u2019horreur, a failli manquer une opportunit\u00e9 marquante au d\u00e9but de sa carri\u00e8re : sa m\u00e8re lui avait interdit de passer l\u2019audition pour un film devenu culte dans le genre.<\/p>\n<p>Tl;dr<\/p>\n<ul>\n<li>Janet Leigh a refus\u00e9 \u00ab L\u2019Exorciste \u00bb pour sa fille.<\/li>\n<li>Jamie Lee Curtis a d\u00e9but\u00e9 avec \u00ab Halloween \u00bb.<\/li>\n<li>Curtis aimerait jouer dans un futur \u00ab Exorcist \u00bb.<\/li>\n<\/ul>\n<p>Un refus fondateur : Janet Leigh prot\u00e8ge Jamie Lee Curtis<\/p>\n<p>Dans l\u2019univers des familles hollywoodiennes, il est des d\u00e9cisions qui marquent des carri\u00e8res enti\u00e8res. Pour Jamie Lee Curtis, la trajectoire a \u00e9t\u00e9 influenc\u00e9e d\u00e8s l\u2019adolescence par le choix r\u00e9solu de sa m\u00e8re, la c\u00e9l\u00e8bre <strong>Janet Leigh<\/strong>. Alors que <a href=\"https:\/\/www.begeek.fr\/lexorciste-a-besoin-de-mike-flanagan-396931\" target=\"_blank\" rel=\"noopener\"><strong>L\u2019Exorciste<\/strong><\/a> se pr\u00e9parait en coulisses au d\u00e9but des ann\u00e9es 1970, un producteur du nom de Ray Stark contacte la maison familiale. Son id\u00e9e\u202f: faire passer une audition \u00e0 Jamie, tout juste \u00e2g\u00e9e de douze ou treize ans, pour le r\u00f4le mythique de Regan MacNeil. Mais Leigh s\u2019y oppose fermement : selon les souvenirs de Curtis, sa m\u00e8re tenait \u00e0 ce qu\u2019elle vive une v\u00e9ritable enfance, loin de la pression et des projecteurs du m\u00e9tier.<\/p>\n<p>Les d\u00e9buts tardifs, mais marquants d\u2019une future ic\u00f4ne<\/p>\n<p>Si cette d\u00e9cision \u00e9loigne Jamie du tumulte pr\u00e9coce du star-system \u2014 et des \u00e9cueils que d\u2019autres jeunes actrices comme Drew Barrymore ont connus \u2014 elle ne retarde pas pour autant sa passion. Apr\u00e8s un passage \u00e9clair \u00e0 l\u2019universit\u00e9, la jeune femme s\u2019impose sur le petit \u00e9cran \u00e0 seulement dix-huit ans dans plusieurs s\u00e9ries t\u00e9l\u00e9vis\u00e9es (\u00ab Quincy, M.E. \u00bb, \u00ab Columbo \u00bb, \u00ab The Love Boat \u00bb). Puis, en 1978, elle fait irruption dans le cin\u00e9ma d\u2019horreur gr\u00e2ce au film culte de <strong>John Carpenter<\/strong>, \u00ab Halloween \u00bb, incarnant Laurie Strode, baby-sitter traqu\u00e9e par Michael Myers. Un r\u00f4le fondateur qui fera d\u2019elle une r\u00e9f\u00e9rence durable du genre.<\/p>\n<p>L\u2019attachement au cin\u00e9ma d\u2019horreur et regards crois\u00e9s<\/p>\n<p>Loin de nourrir un quelconque regret, <a href=\"https:\/\/www.begeek.fr\/haunted-mansion-jared-leto-et-jamie-lee-curtis-integrent-le-casting-371883\" target=\"_blank\" rel=\"noopener\">Jamie Lee Curtis<\/a> affiche aujourd\u2019hui une affection certaine pour les films d\u2019horreur. Elle ne manque pas d\u2019\u00e9voquer sa gratitude envers sa m\u00e8re lors d\u2019un \u00e9change touchant avec Drew Barrymore, elle-m\u00eame marqu\u00e9e par une exposition pr\u00e9coce au m\u00e9tier : \u00ab Ma m\u00e8re voulait absolument que j\u2019aie \u2014 et Dieu merci \u2014 une enfance normale\u2026 \u00bb. De son c\u00f4t\u00e9, c\u2019est seulement vers vingt ans que Curtis embrasse v\u00e9ritablement le grand \u00e9cran\u202f: elle encha\u00eene alors les succ\u00e8s dans des slashers devenus cultes comme \u00ab Prom Night \u00bb ou \u00ab Terror Train \u00bb, sans oublier huit apparitions (y compris vocales) dans la saga \u00ab Halloween \u00bb.<\/p>\n<p>Un d\u00e9sir jamais \u00e9teint : L\u2019Exorciste en ligne de mire\u202f?<\/p>\n<p>Aujourd\u2019hui aur\u00e9ol\u00e9e d\u2019un Oscar et salu\u00e9e pour sa long\u00e9vit\u00e9, Jamie Lee Curtis n\u2019exclut pas un jour de rejoindre l\u2019univers de <strong>L\u2019Exorciste<\/strong>. Elle confiait encore r\u00e9cemment qu\u2019elle serait ravie de figurer au casting d\u2019un \u00e9ventuel nouvel opus \u2013 m\u00eame si le projet \u00ab Exorcist: Deceiver \u00bb, initi\u00e9 par le r\u00e9alisateur David Gordon Green, semble actuellement mis en pause. Une attente pleine d\u2019humilit\u00e9 et d\u2019humour de la part de celle qui avoue avoir \u00e9t\u00e9 terrifi\u00e9e lors de la sortie du film original\u2026 avant de devenir elle-m\u00eame une l\u00e9gende du frisson.<\/p>\n","protected":false},"excerpt":{"rendered":"Jamie Lee Curtis, aujourd\u2019hui c\u00e9l\u00e8bre pour ses r\u00f4les dans des films d\u2019horreur, a failli manquer une opportunit\u00e9 marquante&hellip;\n","protected":false},"author":2,"featured_media":697423,"comment_status":"","ping_status":"","sticky":false,"template":"","format":"standard","meta":{"footnotes":""},"categories":[1354],"tags":[58,59,1346,1011,27,1360],"class_list":{"0":"post-697422","1":"post","2":"type-post","3":"status-publish","4":"format-standard","5":"has-post-thumbnail","7":"category-films","8":"tag-divertissement","9":"tag-entertainment","10":"tag-films","11":"tag-fr","12":"tag-france","13":"tag-movies"},"share_on_mastodon":{"url":"https:\/\/pubeurope.com\/@fr\/115978701783290910","error":""},"_links":{"self":[{"href":"https:\/\/www.europesays.com\/fr\/wp-json\/wp\/v2\/posts\/697422","targetHints":{"allow":["GET"]}}],"collection":[{"href":"https:\/\/www.europesays.com\/fr\/wp-json\/wp\/v2\/posts"}],"about":[{"href":"https:\/\/www.europesays.com\/fr\/wp-json\/wp\/v2\/types\/post"}],"author":[{"embeddable":true,"href":"https:\/\/www.europesays.com\/fr\/wp-json\/wp\/v2\/users\/2"}],"replies":[{"embeddable":true,"href":"https:\/\/www.europesays.com\/fr\/wp-json\/wp\/v2\/comments?post=697422"}],"version-history":[{"count":0,"href":"https:\/\/www.europesays.com\/fr\/wp-json\/wp\/v2\/posts\/697422\/revisions"}],"wp:featuredmedia":[{"embeddable":true,"href":"https:\/\/www.europesays.com\/fr\/wp-json\/wp\/v2\/media\/697423"}],"wp:attachment":[{"href":"https:\/\/www.europesays.com\/fr\/wp-json\/wp\/v2\/media?parent=697422"}],"wp:term":[{"taxonomy":"category","embeddable":true,"href":"https:\/\/www.europesays.com\/fr\/wp-json\/wp\/v2\/categories?post=697422"},{"taxonomy":"post_tag","embeddable":true,"href":"https:\/\/www.europesays.com\/fr\/wp-json\/wp\/v2\/tags?post=697422"}],"curies":[{"name":"wp","href":"https:\/\/api.w.org\/{rel}","templated":true}]}}