{"id":697424,"date":"2026-01-29T13:48:11","date_gmt":"2026-01-29T13:48:11","guid":{"rendered":"https:\/\/www.europesays.com\/fr\/697424\/"},"modified":"2026-01-29T13:48:11","modified_gmt":"2026-01-29T13:48:11","slug":"victime-dune-erreur-medicale-elle-suit-une-chimiotherapie-durant-six-ans-au-lieu-de-six-mois","status":"publish","type":"post","link":"https:\/\/www.europesays.com\/fr\/697424\/","title":{"rendered":"Victime d\u2019une erreur m\u00e9dicale, elle suit une chimioth\u00e9rapie durant six ans\u2026 au lieu de six mois"},"content":{"rendered":"<p>Une Britannique affirme avoir \u00e9t\u00e9 victime d\u2019une grave erreur m\u00e9dicale durant plusieurs ann\u00e9es. Samantha Smith, une m\u00e8re de famille de 45 ans, poursuit le syst\u00e8me de sant\u00e9 public britannique (NHS) apr\u00e8s avoir subi un traitement de <a href=\"https:\/\/www.20minutes.fr\/dossier\/chimiotherapie\" class=\"c-link c-link--is-underlined\" target=\"_blank\" rel=\"noopener\">chimioth\u00e9rapie<\/a> pendant six ans et demi alors qu\u2019elle n\u2019aurait d\u00fb le recevoir que durant six mois, rapporte <a href=\"https:\/\/metro.co.uk\/2026\/01\/27\/brain-tumour-patient-taking-legal-action-six-years-unnecessary-chemotherapy-26552960\/\" target=\"_blank\" class=\"c-link c-link--is-underlined\" rel=\"noopener\">Metro.uk<\/a>.<\/p>\n<\/p>\n<p>L\u2019erreur d\u2019un oncologue<\/p>\n<p>Diagnostiqu\u00e9e d\u2019une <a href=\"https:\/\/www.20minutes.fr\/dossier\/tumeur\" class=\"c-link c-link--is-underlined\" target=\"_blank\" rel=\"noopener\">tumeur<\/a> c\u00e9r\u00e9brale en mai\u00a02014, cette m\u00e8re de trois enfants a \u00e9t\u00e9 op\u00e9r\u00e9e. Elle a ensuite suivi un protocole incluant radioth\u00e9rapie et chimioth\u00e9rapie au sein de l\u2019<a href=\"https:\/\/www.20minutes.fr\/dossier\/hopital\" class=\"c-link c-link--is-underlined\" target=\"_blank\" rel=\"noopener\">h\u00f4pital<\/a> universitaire de Coventry. Son oncologue lui a prescrit une chimioth\u00e9rapie intensive d\u2019une dur\u00e9e de six ans et demi,\u00a0au m\u00e9pris des directives nationales qui pr\u00e9conisent g\u00e9n\u00e9ralement un arr\u00eat apr\u00e8s six mois, pr\u00e9cise <a href=\"https:\/\/www.telegraph.co.uk\/news\/2026\/01\/27\/mother-sues-nhs-over-six-years-of-unnecessary-chemotherapy\/\" target=\"_blank\" class=\"c-link c-link--is-underlined\" rel=\"noopener\">The Telegraph<\/a>.<\/p>\n<p>Ce n\u2019est qu\u2019en\u00a02021, apr\u00e8s le d\u00e9part \u00e0 la retraite de son m\u00e9decin, qu\u2019un nouveau sp\u00e9cialiste a mis au jour cette erreur de traitement. L\u2019\u00e9tablissement hospitalier a reconnu les faits, pr\u00e9sent\u00e9 ses excuses et a \u00e9t\u00e9 contraint de confirmer que ce traitement n\u2019\u00e9tait soutenu par aucune preuve scientifique.<\/p>\n<p>D\u2019autres erreurs m\u00e9dicales\u00a0?<\/p>\n<p>La Britannique souffre aujourd\u2019hui de s\u00e9quelles importantes\u00a0: fatigue chronique, m\u00e9nopause pr\u00e9coce, douleurs aux jambes et d\u00e9faillance dentaire. Elle subit \u00e9galement des troubles de la m\u00e9moire et a \u00e9t\u00e9 incapable de travailler durant toute la p\u00e9riode. Elle estime qu\u2019une d\u00e9cennie de sa vie lui a \u00e9t\u00e9 \u00ab\u00a0vol\u00e9e\u00a0\u00bb.<\/p>\n<p>L\u2019enqu\u00eate a r\u00e9v\u00e9l\u00e9 qu\u2019il ne s\u2019agissait pas de la seule erreur de l\u2019oncologue, d\u00e9sormais \u00e0 la retraite. Un autre patient aurait subi un traitement identique sur une p\u00e9riode de quatorze ans. Le m\u00e9decin fait d\u00e9sormais l\u2019objet d\u2019une enqu\u00eate disciplinaire. Depuis cette affaire, l\u2019h\u00f4pital a mis en place un audit ind\u00e9pendant portant sur tous les patients ayant re\u00e7u des cycles de chimioth\u00e9rapie prolong\u00e9s (plus de 12 cycles) entre\u00a02017 et\u00a02023.<\/p>\n","protected":false},"excerpt":{"rendered":"Une Britannique affirme avoir \u00e9t\u00e9 victime d\u2019une grave erreur m\u00e9dicale durant plusieurs ann\u00e9es. Samantha Smith, une m\u00e8re de&hellip;\n","protected":false},"author":2,"featured_media":697425,"comment_status":"","ping_status":"","sticky":false,"template":"","format":"standard","meta":{"footnotes":""},"categories":[10],"tags":[47,4708,101,1011,27,72,100,303,74,71],"class_list":{"0":"post-697424","1":"post","2":"type-post","3":"status-publish","4":"format-standard","5":"has-post-thumbnail","7":"category-sante","8":"tag-actualite","9":"tag-angleterre","10":"tag-cancer","11":"tag-fr","12":"tag-france","13":"tag-health","14":"tag-hopital","15":"tag-justice","16":"tag-monde","17":"tag-sante"},"share_on_mastodon":{"url":"https:\/\/pubeurope.com\/@fr\/115978705528247860","error":""},"_links":{"self":[{"href":"https:\/\/www.europesays.com\/fr\/wp-json\/wp\/v2\/posts\/697424","targetHints":{"allow":["GET"]}}],"collection":[{"href":"https:\/\/www.europesays.com\/fr\/wp-json\/wp\/v2\/posts"}],"about":[{"href":"https:\/\/www.europesays.com\/fr\/wp-json\/wp\/v2\/types\/post"}],"author":[{"embeddable":true,"href":"https:\/\/www.europesays.com\/fr\/wp-json\/wp\/v2\/users\/2"}],"replies":[{"embeddable":true,"href":"https:\/\/www.europesays.com\/fr\/wp-json\/wp\/v2\/comments?post=697424"}],"version-history":[{"count":0,"href":"https:\/\/www.europesays.com\/fr\/wp-json\/wp\/v2\/posts\/697424\/revisions"}],"wp:featuredmedia":[{"embeddable":true,"href":"https:\/\/www.europesays.com\/fr\/wp-json\/wp\/v2\/media\/697425"}],"wp:attachment":[{"href":"https:\/\/www.europesays.com\/fr\/wp-json\/wp\/v2\/media?parent=697424"}],"wp:term":[{"taxonomy":"category","embeddable":true,"href":"https:\/\/www.europesays.com\/fr\/wp-json\/wp\/v2\/categories?post=697424"},{"taxonomy":"post_tag","embeddable":true,"href":"https:\/\/www.europesays.com\/fr\/wp-json\/wp\/v2\/tags?post=697424"}],"curies":[{"name":"wp","href":"https:\/\/api.w.org\/{rel}","templated":true}]}}