{"id":697432,"date":"2026-01-29T13:52:11","date_gmt":"2026-01-29T13:52:11","guid":{"rendered":"https:\/\/www.europesays.com\/fr\/697432\/"},"modified":"2026-01-29T13:52:11","modified_gmt":"2026-01-29T13:52:11","slug":"jordan-bardella-na-jamais-mis-les-pieds-dans-une-entreprise-cingle-le-ministre-de-leconomie","status":"publish","type":"post","link":"https:\/\/www.europesays.com\/fr\/697432\/","title":{"rendered":"Jordan Bardella \u00abn&rsquo;a jamais mis les pieds dans une entreprise\u00bb, cingle le ministre de l&rsquo;\u00c9conomie"},"content":{"rendered":"<p>\n    Roland Lescure \u00e9voquait les critiques lanc\u00e9es la veille par le pr\u00e9sident du Rassemblement national au sujet de l\u2019acquisition d\u2019un fabricant a\u00e9ronautique fran\u00e7ais, LMB Aerospace, par un groupe am\u00e9ricain.<\/p>\n<p class=\"fig-paragraph\">Le ministre de l&rsquo;\u00c9conomie Roland Lescure a affirm\u00e9 jeudi n&rsquo;avoir \u00abde le\u00e7on de souverainet\u00e9 \u00e0 recevoir de quiconque\u00bb, notamment de\u00a0<a href=\"http:\/\/www.lefigaro.fr\/politique\/cnews-jordan-bardella-ordonne-aux-elus-rn-de-ne-plus-participer-a-l-emission-de-morandini-apres-sa-condamnation-definitive-20260126\" target=\"_blank\" data-fig-type=\"NewsFlash\" rel=\"noopener\" data-gtm-custom-categorie=\"navigation\" data-gtm-custom-action=\"crossclick\" data-gtm-custom-label=\"Contextuel\" data-gtm-event=\"customEventSPE\" data-fig-domain=\"LEFIGARO\">Jordan Bardella<\/a>, \u00abqui n&rsquo;a jamais mis les pieds dans une entreprise\u00bb. Roland Lescure, qui s&rsquo;exprimait devant l&rsquo;Association des journalistes \u00e9conomiques et financiers \u00e0 Paris, \u00e9voquait les critiques lanc\u00e9es la veille par le pr\u00e9sident du Rassemblement national au sujet de l&rsquo;acquisition d&rsquo;un fabricant a\u00e9ronautique fran\u00e7ais, LMB Aerospace, par un groupe am\u00e9ricain.<\/p>\n<p class=\"fig-paragraph\">\u00abJe n&rsquo;ai certainement pas de le\u00e7on de souverainet\u00e9 \u00e0 recevoir de quiconque\u00bb, a lanc\u00e9 le ministre. \u00abNi de Jordan Bardella, qui n&rsquo;a jamais mis les pieds dans une entreprise, et qui d\u00e9fend le grand capital le lundi, pour mieux le taxer le mardi\u00bb, a-t-il poursuivi. \u00abNi de Jean-Luc M\u00e9lenchon, j&rsquo;ai lu \u00e7a hier, c&rsquo;est quand m\u00eame fort de caf\u00e9, qui m&rsquo;a qualifi\u00e9 de tra\u00eetre \u00e0 la Nation, alors que dans la foul\u00e9e, il appelle \u00e0 la r\u00e9ouverture de Nordstream et des importations de gaz russe en Europe\u00bb, a aussi dit le ministre.<\/p>\n<p>                                            <a class=\"fig-a11y-skip\" href=\"#fig-a11y-skip-main-inarticle\" data-module=\"a11y-skip\" data-context=\"was @visible\"><br \/>\n    Passer la publicit\u00e9<br \/>\n<\/a>            <\/p>\n<p>                                            \u00abLes capitaux priv\u00e9s ont un r\u00f4le \u00e0 jouer\u00bb<\/p>\n<p class=\"fig-paragraph\">\u00abL&rsquo;\u00e9conomie dans laquelle nous souhaitons \u00eatre, c&rsquo;est une \u00e9conomie qui reste ouverte, mais qui est extr\u00eamement exigeante\u00bb, a-t-il expliqu\u00e9. \u00abL&rsquo;\u00e9conomie dans laquelle nous souhaitons \u00eatre, c&rsquo;est une \u00e9conomie dans laquelle les capitaux priv\u00e9s ont un r\u00f4le \u00e0 jouer. Je sais bien que Jean-Luc M\u00e9lenchon voit l&rsquo;\u00e9conomie fran\u00e7aise comme une \u00e9conomie \u00e0 nationaliser. Ce n&rsquo;est pas mon cas, et je continuerai \u00e0 l&rsquo;affirmer\u00bb, a-t-il conclu.<\/p>\n<p class=\"fig-paragraph\">Jordan Bardella d\u00e9non\u00e7ait mercredi une \u00abgrande braderie\u00bb des entreprises fran\u00e7aises, alors que \u00able r\u00e9armement de la France est une n\u00e9cessit\u00e9 vitale\u00bb. Le minist\u00e8re de Roland Lescure a autoris\u00e9 cette cession \u00e0 Loar Group de LMB Aerospace, qui fabrique des ventilateurs pour les Rafale et les sous-marins nucl\u00e9aires. Selon le ministre, le gouvernement a impos\u00e9 des conditions\u00a0: une action pr\u00e9f\u00e9rentielle qui permettra de bloquer les d\u00e9cisions strat\u00e9giques contraires aux int\u00e9r\u00eats de la France, le maintien de la production en France et des garanties entourant les \u00abcontrats strat\u00e9giques\u00bb.<\/p>\n","protected":false},"excerpt":{"rendered":"Roland Lescure \u00e9voquait les critiques lanc\u00e9es la veille par le pr\u00e9sident du Rassemblement national au sujet de l\u2019acquisition&hellip;\n","protected":false},"author":2,"featured_media":697433,"comment_status":"","ping_status":"","sticky":false,"template":"","format":"standard","meta":{"footnotes":""},"categories":[6],"tags":[35,33,34,257,1011,27,1077,56803],"class_list":{"0":"post-697432","1":"post","2":"type-post","3":"status-publish","4":"format-standard","5":"has-post-thumbnail","7":"category-economie","8":"tag-business","9":"tag-economie","10":"tag-economy","11":"tag-entreprise","12":"tag-fr","13":"tag-france","14":"tag-jordan-bardella","15":"tag-roland-lescure"},"share_on_mastodon":{"url":"https:\/\/pubeurope.com\/@fr\/115978721304503204","error":""},"_links":{"self":[{"href":"https:\/\/www.europesays.com\/fr\/wp-json\/wp\/v2\/posts\/697432","targetHints":{"allow":["GET"]}}],"collection":[{"href":"https:\/\/www.europesays.com\/fr\/wp-json\/wp\/v2\/posts"}],"about":[{"href":"https:\/\/www.europesays.com\/fr\/wp-json\/wp\/v2\/types\/post"}],"author":[{"embeddable":true,"href":"https:\/\/www.europesays.com\/fr\/wp-json\/wp\/v2\/users\/2"}],"replies":[{"embeddable":true,"href":"https:\/\/www.europesays.com\/fr\/wp-json\/wp\/v2\/comments?post=697432"}],"version-history":[{"count":0,"href":"https:\/\/www.europesays.com\/fr\/wp-json\/wp\/v2\/posts\/697432\/revisions"}],"wp:featuredmedia":[{"embeddable":true,"href":"https:\/\/www.europesays.com\/fr\/wp-json\/wp\/v2\/media\/697433"}],"wp:attachment":[{"href":"https:\/\/www.europesays.com\/fr\/wp-json\/wp\/v2\/media?parent=697432"}],"wp:term":[{"taxonomy":"category","embeddable":true,"href":"https:\/\/www.europesays.com\/fr\/wp-json\/wp\/v2\/categories?post=697432"},{"taxonomy":"post_tag","embeddable":true,"href":"https:\/\/www.europesays.com\/fr\/wp-json\/wp\/v2\/tags?post=697432"}],"curies":[{"name":"wp","href":"https:\/\/api.w.org\/{rel}","templated":true}]}}