{"id":697434,"date":"2026-01-29T13:53:11","date_gmt":"2026-01-29T13:53:11","guid":{"rendered":"https:\/\/www.europesays.com\/fr\/697434\/"},"modified":"2026-01-29T13:53:11","modified_gmt":"2026-01-29T13:53:11","slug":"on-ne-les-voit-que-dans-les-journaux-depuis-lincendie-de-crans-montana-les-moretti-sont-devenus-des-fantomes","status":"publish","type":"post","link":"https:\/\/www.europesays.com\/fr\/697434\/","title":{"rendered":"\u00ab\u00a0On ne les voit que dans les journaux\u00a0\u00bb\u00a0: depuis l\u2019incendie de Crans-Montana, les Moretti sont devenus des fant\u00f4mes"},"content":{"rendered":"<p class=\"paragraph text_align_left lp-f-body-02\">\u00c0 Lens, \u00e0 6 km en contrebas de <a href=\"https:\/\/www.leparisien.fr\/faits-divers\/incendie-mortel-d-un-bar-a-crans-montana\/\" target=\"_blank\" rel=\"noreferrer noopener\">Crans-Montana<\/a>, c\u2019est un chalet sur trois niveaux qui offre un panorama exceptionnel sur les sommets des Alpes valaisannes, le Mont Noble en majest\u00e9. Sur la terrasse au premier \u00e9tage, un toboggan en plastique et une trottinette. Gar\u00e9s devant l\u2019entr\u00e9e, une Porsche Cayenne, un van Mercedes, un 4 x 4 Nissan en fin de vie immatricul\u00e9 en France et\u2026 une b\u00e9tonni\u00e8re.<\/p>\n<p class=\"\">On sonne. Personne ne r\u00e9pond alors que la lumi\u00e8re de l\u2019interphone-cam\u00e9ra s\u2019allume. Le rideau \u00e0 l\u2019une des fen\u00eatres, lui, se tire un peu plus au fil des minutes, jusqu\u2019\u00e0 ne laisser aucune chance aux rayons de soleil de percer dans la pi\u00e8ce. Sur la bo\u00eete aux lettres encore recouverte de d\u00e9corations de No\u00ebl, un stick \u00ab pas de r\u00e9clame merci \u00bb et l\u2019identit\u00e9 des propri\u00e9taires : \u00ab famille Moretti-Maric \u00bb.<\/p>\n","protected":false},"excerpt":{"rendered":"\u00c0 Lens, \u00e0 6 km en contrebas de Crans-Montana, c\u2019est un chalet sur trois niveaux qui offre un&hellip;\n","protected":false},"author":2,"featured_media":697435,"comment_status":"","ping_status":"","sticky":false,"template":"","format":"standard","meta":{"footnotes":""},"categories":[5],"tags":[11,118,1011,27,14,12,28],"class_list":{"0":"post-697434","1":"post","2":"type-post","3":"status-publish","4":"format-standard","5":"has-post-thumbnail","7":"category-international","8":"tag-actualites","9":"tag-faits-divers","10":"tag-fr","11":"tag-france","12":"tag-international","13":"tag-news","14":"tag-world"},"share_on_mastodon":{"url":"https:\/\/pubeurope.com\/@fr\/115978725296466043","error":""},"_links":{"self":[{"href":"https:\/\/www.europesays.com\/fr\/wp-json\/wp\/v2\/posts\/697434","targetHints":{"allow":["GET"]}}],"collection":[{"href":"https:\/\/www.europesays.com\/fr\/wp-json\/wp\/v2\/posts"}],"about":[{"href":"https:\/\/www.europesays.com\/fr\/wp-json\/wp\/v2\/types\/post"}],"author":[{"embeddable":true,"href":"https:\/\/www.europesays.com\/fr\/wp-json\/wp\/v2\/users\/2"}],"replies":[{"embeddable":true,"href":"https:\/\/www.europesays.com\/fr\/wp-json\/wp\/v2\/comments?post=697434"}],"version-history":[{"count":0,"href":"https:\/\/www.europesays.com\/fr\/wp-json\/wp\/v2\/posts\/697434\/revisions"}],"wp:featuredmedia":[{"embeddable":true,"href":"https:\/\/www.europesays.com\/fr\/wp-json\/wp\/v2\/media\/697435"}],"wp:attachment":[{"href":"https:\/\/www.europesays.com\/fr\/wp-json\/wp\/v2\/media?parent=697434"}],"wp:term":[{"taxonomy":"category","embeddable":true,"href":"https:\/\/www.europesays.com\/fr\/wp-json\/wp\/v2\/categories?post=697434"},{"taxonomy":"post_tag","embeddable":true,"href":"https:\/\/www.europesays.com\/fr\/wp-json\/wp\/v2\/tags?post=697434"}],"curies":[{"name":"wp","href":"https:\/\/api.w.org\/{rel}","templated":true}]}}