{"id":697436,"date":"2026-01-29T13:54:12","date_gmt":"2026-01-29T13:54:12","guid":{"rendered":"https:\/\/www.europesays.com\/fr\/697436\/"},"modified":"2026-01-29T13:54:12","modified_gmt":"2026-01-29T13:54:12","slug":"cet-aveu-de-philippe-cache-t-il-un-timide-mea-culpa-a-legard-de-macron","status":"publish","type":"post","link":"https:\/\/www.europesays.com\/fr\/697436\/","title":{"rendered":"Cet aveu de Philippe cache-t-il un (timide) mea culpa \u00e0 l\u2019\u00e9gard de Macron\u00a0?"},"content":{"rendered":"<p>        <img decoding=\"async\" loading=\"lazy\" src=\"https:\/\/www.europesays.com\/fr\/wp-content\/uploads\/2026\/01\/eceeeba_upload-1-gqzfc8rzhc11-afp-20240912-36g69g2-v1-highres-francepoliticsanniversaryceremonyhisto.jpeg\"  width=\"728\" height=\"410\" alt=\"Cet aveux de Philippe cache-t-il un (timide) mea culpa envers Macron\u00a0?\"\/>  <\/p>\n<p>BENOIT TESSIER \/ AFP<\/p>\n<p>Cet aveux de Philippe cache-t-il un (timide) mea culpa envers Macron\u00a0?<\/p>\n<p class=\"asset asset-text\">Si tu reviens, j\u2019annule tout. \u00c9douard Philippe a lanc\u00e9, mardi 28\u00a0janvier, <a href=\"https:\/\/www.huffingtonpost.fr\/politique\/article\/elections-municipales-2026-edouard-philippe-au-havre-une-campagne-pour-ne-pas-tout-perdre_259699.html\" target=\"_blank\" rel=\"noopener\">sa campagne pour les \u00e9lections municipales au\u00a0Havre,<\/a> premier juge de paix de ses ambitions \u00e9lys\u00e9ennes. Un meeting inaugural au cours duquel l\u2019ancien chef du gouvernement (2017-2020) a esquiss\u00e9 un petit aveu. Pour mieux solder sa brouille avec <a href=\"https:\/\/www.huffingtonpost.fr\/international\/article\/emmanuel-macron-et-ses-lunettes-de-soleil-moques-par-le-premier-ministre-britannique_259694.html\" target=\"_blank\" rel=\"noopener\">Emmanuel Macron<\/a>\u00a0?<\/p>\n<p class=\"asset asset-text\">\u00ab\u00a0Le pr\u00e9sident de la R\u00e9publique m\u2019a fait l\u2019honneur de me nommer (Premier ministre). Je lui dois \u00e7a\u00a0\u00bb, a-t-il lanc\u00e9 \u00e0 son auditoire, selon le r\u00e9cit de plusieurs journalistes sur place. Jusqu\u2019ici, rien de tr\u00e8s neuf\u00a0: le Normand a toujours expliqu\u00e9 qu\u2019il devait son bail \u00e0 Matignon au chef de l\u2019\u00c9tat, \u00ab\u00a0for sure\u00a0\u00bb, mais pas le d\u00e9but de sa carri\u00e8re politique, en 2010, comme successeur d\u2019Antoine Rufenacht au\u00a0Havre. La suite de cette tirade, en revanche, est singuli\u00e8re.<\/p>\n<p class=\"asset asset-text\">\u00ab\u00a0Parfois je m\u2019exprime de fa\u00e7on trop brutale. Je ne devrais pas\u2026 \u00bb, a ainsi continu\u00e9 \u00c9douard Philippe, laissant appara\u00eetre un rare mea culpa \u00e0 l\u2019endroit d\u2019Emmanuel Macron, pr\u00e9sident dont il a fustig\u00e9 les choix, crescendo, depuis son \u00e9viction du gouvernement il y cinq ans. Au point de brouiller durablement leur relation.<\/p>\n<p>    <strong>Le d\u00e9but d\u2019une r\u00e9conciliation\u00a0?<\/strong>    <\/p>\n<p class=\"asset asset-text\">L\u2019acm\u00e9 de ces reproches remonte, bien s\u00fbr, \u00e0 l\u2019automne dernier, quand le maire du\u00a0Havre et pr\u00e9sident du parti Horizons, <a href=\"https:\/\/www.huffingtonpost.fr\/politique\/article\/edouard-philippe-appelle-emmanuel-macron-a-organiser-une-presidentielle-anticipee_255691.html\" target=\"_blank\" rel=\"noopener\">a plaid\u00e9 dans les m\u00e9dias pour la d\u00e9mission anticip\u00e9e du pr\u00e9sident de la R\u00e9publique<\/a>, l\u2019appelant \u00e0 endosser la responsabilit\u00e9 du bourbier politique actuel. Un crime de l\u00e8se-majest\u00e9 pour les derniers soutiens d\u2019Emmanuel Macron.<\/p>\n<p class=\"asset asset-text\">D\u2019autant qu\u2019\u00c9douard Philippe, d\u00e9sireux de se d\u00e9tacher d\u2019un pr\u00e9sident toujours plus impopulaire, n\u2019en \u00e9tait pas \u00e0 son coup d\u2019essai. Depuis son d\u00e9part de Matignon, printemps 2020, il a tour \u00e0 tour accus\u00e9 Emmanuel Macron d\u2019avoir \u00ab\u00a0tu\u00e9 la majorit\u00e9\u00a0\u00bb avec sa d\u00e9cision \u00ab\u00a0funeste\u00a0et absurde\u00a0\u00bb de dissoudre l\u2019Assembl\u00e9e, de ne pas \u00ab\u00a0respecter\u00a0\u00bb suffisamment les institutions ou de contraindre ses Premiers ministres.<\/p>\n<p class=\"asset asset-text\">Plus concr\u00e8tement encore, ses troupes ont refus\u00e9 de valider les budgets de S\u00e9bastien Lecornu cet automne, jugeant qu\u2019ils aggravaient la situation \u00e9conomique de la France. Au risque de fracturer encore davantage un \u00ab\u00a0socle commun\u00a0\u00bb d\u00e9j\u00e0 bien \u00e9br\u00e9ch\u00e9.<\/p>\n<p class=\"asset asset-text\">De fait, cette strat\u00e9gie d\u2019\u00e9loignement n\u2019a pas franchement pay\u00e9. S\u2019il reste encore le mieux plac\u00e9 des pr\u00e9tendants au centre et \u00e0 droite pour acc\u00e9der \u00e0 l\u2019\u00c9lys\u00e9e, selon les sondages, ses diff\u00e9rentes diatribes \u00e0 l\u2019\u00e9gard d\u2019Emmanuel Macron n\u2019ont pas permis d\u2019endiguer l\u2019\u00e9rosion de sa popularit\u00e9. Au contraire, les troupes qui soutiennent le chef de l\u2019\u00c9tat ont \u00e9t\u00e9 heurt\u00e9es par son appel d\u00e9guis\u00e9 \u00e0 la d\u00e9mission.<\/p>\n<p class=\"asset asset-text\">D\u2019o\u00f9 ce changement de pied soudain, \u00e0 seize mois de la pr\u00e9sidentielle\u00a0? Comme un d\u00e9but de r\u00e9conciliation <a href=\"https:\/\/www.huffingtonpost.fr\/politique\/article\/gabriel-attal-accelere-en-vue-de-l-election-presidentielle-2027-avec-cette-soiree-de-debats_259629.html\" target=\"_blank\" rel=\"noopener\">\u00e0 l\u2019heure o\u00f9 les ambitions s\u2019aiguisent pour 2027<\/a>\u00a0? Il n\u2019est pas le seul, en tout cas, \u00e0 plaider une forme d\u2019apaisement, si l\u2019on en croit cette sortie r\u00e9cente d\u2019un proche du chef de l\u2019\u00c9tat dans La Tribune\u00a0: \u00ab\u00a0Le pr\u00e9sident respecte le fait qu\u2019\u00c9douard Philippe ait cr\u00e9\u00e9 son espace et son parti apr\u00e8s Matignon. Gabriel Attal, lui, a tout r\u00e9cup\u00e9r\u00e9 sans lui dire \u2018merci\u2019.\u00a0\u00bb Un bon point qui en appelle d\u2019autres\u00a0?<\/p>\n","protected":false},"excerpt":{"rendered":"BENOIT TESSIER \/ AFP Cet aveux de Philippe cache-t-il un (timide) mea culpa envers Macron\u00a0? Si tu reviens,&hellip;\n","protected":false},"author":2,"featured_media":697437,"comment_status":"","ping_status":"","sticky":false,"template":"","format":"standard","meta":{"footnotes":""},"categories":[4],"tags":[11,3080,1073,1011,27,12,316,26338,25],"class_list":{"0":"post-697436","1":"post","2":"type-post","3":"status-publish","4":"format-standard","5":"has-post-thumbnail","7":"category-france","8":"tag-actualites","9":"tag-edouard-philippe","10":"tag-emmanuel-macron","11":"tag-fr","12":"tag-france","13":"tag-news","14":"tag-politique","15":"tag-presidentielle-2027","16":"tag-republique-francaise"},"share_on_mastodon":{"url":"https:\/\/pubeurope.com\/@fr\/115978729239014082","error":""},"_links":{"self":[{"href":"https:\/\/www.europesays.com\/fr\/wp-json\/wp\/v2\/posts\/697436","targetHints":{"allow":["GET"]}}],"collection":[{"href":"https:\/\/www.europesays.com\/fr\/wp-json\/wp\/v2\/posts"}],"about":[{"href":"https:\/\/www.europesays.com\/fr\/wp-json\/wp\/v2\/types\/post"}],"author":[{"embeddable":true,"href":"https:\/\/www.europesays.com\/fr\/wp-json\/wp\/v2\/users\/2"}],"replies":[{"embeddable":true,"href":"https:\/\/www.europesays.com\/fr\/wp-json\/wp\/v2\/comments?post=697436"}],"version-history":[{"count":0,"href":"https:\/\/www.europesays.com\/fr\/wp-json\/wp\/v2\/posts\/697436\/revisions"}],"wp:featuredmedia":[{"embeddable":true,"href":"https:\/\/www.europesays.com\/fr\/wp-json\/wp\/v2\/media\/697437"}],"wp:attachment":[{"href":"https:\/\/www.europesays.com\/fr\/wp-json\/wp\/v2\/media?parent=697436"}],"wp:term":[{"taxonomy":"category","embeddable":true,"href":"https:\/\/www.europesays.com\/fr\/wp-json\/wp\/v2\/categories?post=697436"},{"taxonomy":"post_tag","embeddable":true,"href":"https:\/\/www.europesays.com\/fr\/wp-json\/wp\/v2\/tags?post=697436"}],"curies":[{"name":"wp","href":"https:\/\/api.w.org\/{rel}","templated":true}]}}