{"id":697440,"date":"2026-01-29T13:56:13","date_gmt":"2026-01-29T13:56:13","guid":{"rendered":"https:\/\/www.europesays.com\/fr\/697440\/"},"modified":"2026-01-29T13:56:13","modified_gmt":"2026-01-29T13:56:13","slug":"la-maire-sortante-devoile-sa-liste","status":"publish","type":"post","link":"https:\/\/www.europesays.com\/fr\/697440\/","title":{"rendered":"la maire sortante d\u00e9voile sa liste"},"content":{"rendered":"<p>L\u2019actuelle maire de La Talaudi\u00e8re, Ramona Gonzalez-Grail, est candidate \u00e0 un nouveau mandat. Elle pr\u00e9sente sa liste d\u2019union pour une gestion d\u00e9mocratique, sociale et environnementale comportant 31 candidats, cons\u00e9cutive au droit \u00e0 deux candidats suppl\u00e9mentaires m\u00eame s\u2019ils ne sont pas \u00e9lus. Il faut pr\u00e9ciser que la liste n\u2019est pas dans l\u2019ordre qui sera pr\u00e9sent\u00e9 \u00e0 la pr\u00e9fecture (voir par ailleurs).<\/p>\n<p>\u00ab\u00a0Une gestion claire et rigoureuse\u00a0\u00bb<\/p>\n<p>Les 16 \u00e9lus actuels qui sont reconduits au c\u00f4t\u00e9 de la maire de La Talaudi\u00e8re sont les premiers de la liste, et poursuivront, suivant la publication de la&#8230;<\/p>\n","protected":false},"excerpt":{"rendered":"L\u2019actuelle maire de La Talaudi\u00e8re, Ramona Gonzalez-Grail, est candidate \u00e0 un nouveau mandat. Elle pr\u00e9sente sa liste d\u2019union&hellip;\n","protected":false},"author":2,"featured_media":697441,"comment_status":"","ping_status":"","sticky":false,"template":"","format":"standard","meta":{"footnotes":""},"categories":[9653],"tags":[1111,11,2430,7539,4188,1777,674,1011,27,12053,12,316,25,4001,9664],"class_list":{"0":"post-697440","1":"post","2":"type-post","3":"status-publish","4":"format-standard","5":"has-post-thumbnail","7":"category-saint-etienne","8":"tag-actu","9":"tag-actualites","10":"tag-auvergne-rhone-alpes","11":"tag-edition-loire-sud","12":"tag-elections-municipales","13":"tag-eu","14":"tag-europe","15":"tag-fr","16":"tag-france","17":"tag-la-talaudiere","18":"tag-news","19":"tag-politique","20":"tag-republique-francaise","21":"tag-saint-etienne","22":"tag-saint-etienne-bassin"},"share_on_mastodon":{"url":"https:\/\/pubeurope.com\/@fr\/115978736954502183","error":""},"_links":{"self":[{"href":"https:\/\/www.europesays.com\/fr\/wp-json\/wp\/v2\/posts\/697440","targetHints":{"allow":["GET"]}}],"collection":[{"href":"https:\/\/www.europesays.com\/fr\/wp-json\/wp\/v2\/posts"}],"about":[{"href":"https:\/\/www.europesays.com\/fr\/wp-json\/wp\/v2\/types\/post"}],"author":[{"embeddable":true,"href":"https:\/\/www.europesays.com\/fr\/wp-json\/wp\/v2\/users\/2"}],"replies":[{"embeddable":true,"href":"https:\/\/www.europesays.com\/fr\/wp-json\/wp\/v2\/comments?post=697440"}],"version-history":[{"count":0,"href":"https:\/\/www.europesays.com\/fr\/wp-json\/wp\/v2\/posts\/697440\/revisions"}],"wp:featuredmedia":[{"embeddable":true,"href":"https:\/\/www.europesays.com\/fr\/wp-json\/wp\/v2\/media\/697441"}],"wp:attachment":[{"href":"https:\/\/www.europesays.com\/fr\/wp-json\/wp\/v2\/media?parent=697440"}],"wp:term":[{"taxonomy":"category","embeddable":true,"href":"https:\/\/www.europesays.com\/fr\/wp-json\/wp\/v2\/categories?post=697440"},{"taxonomy":"post_tag","embeddable":true,"href":"https:\/\/www.europesays.com\/fr\/wp-json\/wp\/v2\/tags?post=697440"}],"curies":[{"name":"wp","href":"https:\/\/api.w.org\/{rel}","templated":true}]}}