{"id":697467,"date":"2026-01-29T14:11:21","date_gmt":"2026-01-29T14:11:21","guid":{"rendered":"https:\/\/www.europesays.com\/fr\/697467\/"},"modified":"2026-01-29T14:11:21","modified_gmt":"2026-01-29T14:11:21","slug":"hafsa-hajbaoui-29-ans-portee-disparue","status":"publish","type":"post","link":"https:\/\/www.europesays.com\/fr\/697467\/","title":{"rendered":"Hafsa Hajbaoui, 29 ans, port\u00e9e disparue\u00a0"},"content":{"rendered":"<p _ngcontent-ng-c4208944470=\"\">Une femme de 29 ans fait actuellement l\u2019objet d\u2019un appel \u00e0 t\u00e9moins pour disparition inqui\u00e9tante. Elle a disparu de Strasbourg (Bas-Rhin) le 11 d\u00e9cembre.\n<\/p>\n<p class=\"p1\">Sa famille est sans nouvelle depuis le 6 janvier. La police du Bas-Rhin a lanc\u00e9 un appel \u00e0 t\u00e9moins pour aider \u00e0 retrouver Hafsa Hajbaoui. La jeune femme, \u00e2g\u00e9e de 29 ans, a disparu le 11 d\u00e9cembre dernier. Elle a quitt\u00e9 le domicile familial du quartier de la gare, \u00e0 <a href=\"https:\/\/www.lenouveaudetective.com\/enquetes\/incendie-mortel-a-strasbourg-un-suspect-place-en-garde-a-vue\" target=\"_blank\" rel=\"noopener\">Strasbourg<\/a> (Bas-Rhin) avec deux valises.\u00a0<\/p>\n<p>Une personne vuln\u00e9rable<\/p>\n<p class=\"p1\">L\u2019appel \u00e0 t\u00e9moins pr\u00e9cise qu\u2019Hafsa Hajbaoui est une <a href=\"https:\/\/www.lenouveaudetective.com\/enquetes\/secte-7-64-un-reseau-occulte-qui-pousse-des-adolescents-a-la-torture-aux-viols-et-au-suicide\" target=\"_blank\" rel=\"noopener\">personne vuln\u00e9rable<\/a>. De type nord Africain, elle a de longs cheveux bruns et des yeux marron. Elle mesure 1,63 m\u00e8tre et est de corpulence mince. Au moment de son d\u00e9part, elle portait une doudoune noire, un jean d\u00e9lav\u00e9 bleu ciel, un sac \u00e0 dos noir et, on l\u2019a vu, deux valises.\u00a0<br \/>Toute personne l\u2019ayant aper\u00e7ue ou disposant d\u2019informations permettant de la retrouver est invit\u00e9e \u00e0 contacter les enqu\u00eateurs de la brigade d\u2019atteinte aux personnes au 03 90 23 13 05.\u00a0<\/p>\n","protected":false},"excerpt":{"rendered":"Une femme de 29 ans fait actuellement l\u2019objet d\u2019un appel \u00e0 t\u00e9moins pour disparition inqui\u00e9tante. Elle a disparu&hellip;\n","protected":false},"author":2,"featured_media":697468,"comment_status":"","ping_status":"","sticky":false,"template":"","format":"standard","meta":{"footnotes":""},"categories":[2820],"tags":[1111,11,1777,674,1011,27,775,12,25,640],"class_list":{"0":"post-697467","1":"post","2":"type-post","3":"status-publish","4":"format-standard","5":"has-post-thumbnail","7":"category-strasbourg","8":"tag-actu","9":"tag-actualites","10":"tag-eu","11":"tag-europe","12":"tag-fr","13":"tag-france","14":"tag-grand-est","15":"tag-news","16":"tag-republique-francaise","17":"tag-strasbourg"},"share_on_mastodon":{"url":"https:\/\/pubeurope.com\/@fr\/115978795971788083","error":""},"_links":{"self":[{"href":"https:\/\/www.europesays.com\/fr\/wp-json\/wp\/v2\/posts\/697467","targetHints":{"allow":["GET"]}}],"collection":[{"href":"https:\/\/www.europesays.com\/fr\/wp-json\/wp\/v2\/posts"}],"about":[{"href":"https:\/\/www.europesays.com\/fr\/wp-json\/wp\/v2\/types\/post"}],"author":[{"embeddable":true,"href":"https:\/\/www.europesays.com\/fr\/wp-json\/wp\/v2\/users\/2"}],"replies":[{"embeddable":true,"href":"https:\/\/www.europesays.com\/fr\/wp-json\/wp\/v2\/comments?post=697467"}],"version-history":[{"count":0,"href":"https:\/\/www.europesays.com\/fr\/wp-json\/wp\/v2\/posts\/697467\/revisions"}],"wp:featuredmedia":[{"embeddable":true,"href":"https:\/\/www.europesays.com\/fr\/wp-json\/wp\/v2\/media\/697468"}],"wp:attachment":[{"href":"https:\/\/www.europesays.com\/fr\/wp-json\/wp\/v2\/media?parent=697467"}],"wp:term":[{"taxonomy":"category","embeddable":true,"href":"https:\/\/www.europesays.com\/fr\/wp-json\/wp\/v2\/categories?post=697467"},{"taxonomy":"post_tag","embeddable":true,"href":"https:\/\/www.europesays.com\/fr\/wp-json\/wp\/v2\/tags?post=697467"}],"curies":[{"name":"wp","href":"https:\/\/api.w.org\/{rel}","templated":true}]}}