{"id":697473,"date":"2026-01-29T14:15:22","date_gmt":"2026-01-29T14:15:22","guid":{"rendered":"https:\/\/www.europesays.com\/fr\/697473\/"},"modified":"2026-01-29T14:15:22","modified_gmt":"2026-01-29T14:15:22","slug":"demenagement-des-collections-du-museum-dhistoire-naturelle-de-nantes-en-vue-de-travaux-de-renovation","status":"publish","type":"post","link":"https:\/\/www.europesays.com\/fr\/697473\/","title":{"rendered":"D\u00e9m\u00e9nagement des collections du mus\u00e9um d\u2019histoire naturelle de Nantes en vue de travaux de renovation"},"content":{"rendered":"<p>Le mus\u00e9um d\u2019histoire naturelle de Nantes engage le d\u00e9m\u00e9nagement de ses collections en pr\u00e9vision de travaux de r\u00e9novation programm\u00e9s entre 2026 et 2029 dans le d\u00e9partement de la Loire-Atlantique.<\/p>\n<p class=\"c-paragraph\">Depuis novembre 2025, les collections du mus\u00e9um d\u2019histoire naturelle de Nantes (Loire-Atlantique) sont progressivement transf\u00e9r\u00e9es vers des r\u00e9serves sp\u00e9cialis\u00e9es. Cette op\u00e9ration fait suite \u00e0 la fermeture de l\u2019\u00e9tablissement au public et pr\u00e9pare le lancement d\u2019un important chantier de r\u00e9novation.<\/p>\n<p class=\"c-paragraph\">Pr\u00e8s de 15 000 pi\u00e8ces sont concern\u00e9es par ce d\u00e9m\u00e9nagement, comprenant environ 1 000 sp\u00e9cimens d\u2019animaux vert\u00e9br\u00e9s, 5 000 coquilles de gast\u00e9ropodes, des dizaines de milliers d\u2019\u00e9chantillons, 300 000 planches d\u2019herbiers et pr\u00e8s de 30 000 ouvrages. Chaque \u00e9l\u00e9ment fait l\u2019objet d\u2019un protocole rigoureux comprenant inventaire, pes\u00e9e, nettoyage, photographie, conditionnement et stockage s\u00e9curis\u00e9.<\/p>\n<p class=\"c-paragraph\">Les travaux de r\u00e9novation d\u00e9buteront en septembre 2026 et devraient s\u2019achever en 2029. Le projet pr\u00e9voit la remise en \u00e9tat du b\u00e2timent, l\u2019am\u00e9lioration de l\u2019accessibilit\u00e9 et le doublement des surfaces ouvertes au public, qui passeront de 2 200 \u00e0 pr\u00e8s de 3 900 m\u00b2. Des interventions sur le d\u00f4me permettront de favoriser un meilleur apport de lumi\u00e8re naturelle. Un espace d\u00e9di\u00e9 \u00e0 l\u2019Agora des sciences ainsi qu\u2019un nouveau parcours de visite viendront compl\u00e9ter l\u2019ensemble.<\/p>\n","protected":false},"excerpt":{"rendered":"Le mus\u00e9um d\u2019histoire naturelle de Nantes engage le d\u00e9m\u00e9nagement de ses collections en pr\u00e9vision de travaux de r\u00e9novation&hellip;\n","protected":false},"author":2,"featured_media":667388,"comment_status":"","ping_status":"","sticky":false,"template":"","format":"standard","meta":{"footnotes":"","_share_on_mastodon":"0"},"categories":[2818],"tags":[1111,11,1777,674,1011,27,3047,766,12,2636,25,7333],"class_list":["post-697473","post","type-post","status-publish","format-standard","has-post-thumbnail","category-nantes","tag-actu","tag-actualites","tag-eu","tag-europe","tag-fr","tag-france","tag-loire-atlantique","tag-nantes","tag-news","tag-pays-de-la-loire","tag-republique-francaise","tag-vie-du-btp"],"share_on_mastodon":{"url":"https:\/\/pubeurope.com\/@fr\/115978811772392043","error":""},"_links":{"self":[{"href":"https:\/\/www.europesays.com\/fr\/wp-json\/wp\/v2\/posts\/697473","targetHints":{"allow":["GET"]}}],"collection":[{"href":"https:\/\/www.europesays.com\/fr\/wp-json\/wp\/v2\/posts"}],"about":[{"href":"https:\/\/www.europesays.com\/fr\/wp-json\/wp\/v2\/types\/post"}],"author":[{"embeddable":true,"href":"https:\/\/www.europesays.com\/fr\/wp-json\/wp\/v2\/users\/2"}],"replies":[{"embeddable":true,"href":"https:\/\/www.europesays.com\/fr\/wp-json\/wp\/v2\/comments?post=697473"}],"version-history":[{"count":0,"href":"https:\/\/www.europesays.com\/fr\/wp-json\/wp\/v2\/posts\/697473\/revisions"}],"wp:featuredmedia":[{"embeddable":true,"href":"https:\/\/www.europesays.com\/fr\/wp-json\/wp\/v2\/media\/667388"}],"wp:attachment":[{"href":"https:\/\/www.europesays.com\/fr\/wp-json\/wp\/v2\/media?parent=697473"}],"wp:term":[{"taxonomy":"category","embeddable":true,"href":"https:\/\/www.europesays.com\/fr\/wp-json\/wp\/v2\/categories?post=697473"},{"taxonomy":"post_tag","embeddable":true,"href":"https:\/\/www.europesays.com\/fr\/wp-json\/wp\/v2\/tags?post=697473"}],"curies":[{"name":"wp","href":"https:\/\/api.w.org\/{rel}","templated":true}]}}