{"id":697480,"date":"2026-01-29T14:19:11","date_gmt":"2026-01-29T14:19:11","guid":{"rendered":"https:\/\/www.europesays.com\/fr\/697480\/"},"modified":"2026-01-29T14:19:11","modified_gmt":"2026-01-29T14:19:11","slug":"pieton-tue-profil-de-lautomobiliste-toxicologie-ce-que-lon-sait-de-laccident-mortel-a-toulouse","status":"publish","type":"post","link":"https:\/\/www.europesays.com\/fr\/697480\/","title":{"rendered":"Pi\u00e9ton tu\u00e9, profil de l\u2019automobiliste, toxicologie\u2026 Ce que l\u2019on sait de l\u2019accident mortel, \u00e0 Toulouse"},"content":{"rendered":"<p>\n                                                                    l&rsquo;essentiel<br \/>\n                                                                Un pi\u00e9ton de 56 ans a trouv\u00e9 la mort, ce jeudi aux aurores, fauch\u00e9 par une voiture. On en sait davantage sur l\u2019accident et le profil de l\u2019automobiliste.\n                            <\/p>\n<p>Pour la huiti\u00e8me fois en ce mois de janvier\u00a02026, la route a tu\u00e9 en Haute-Garonne. Soit une hausse de\u2026 60\u00a0% par rapport \u00e0 la m\u00eame p\u00e9riode l\u2019an dernier. Vertigineux.<\/p>\n<p>Passage prot\u00e9g\u00e9<\/p>\n<p>Il \u00e9tait aux environs de 6\u00a0h\u00a010, jeudi 29\u00a0janvier, \u00e0 Toulouse, lorsqu\u2019un conducteur affol\u00e9 a alert\u00e9 Police-secours. \u00ab\u00a0Il a indiqu\u00e9 qu\u2019il venait de renverser un pi\u00e9ton et que c\u2019\u00e9tait tr\u00e8s grave\u00a0\u00bb, sugg\u00e8re une source proche du dossier. Les sapeurs-pompiers du SDIS 31 se pr\u00e9cipitaient sur les lieux.<\/p>\n<p>La victime, un homme de 56 ans, a \u00e9t\u00e9 renvers\u00e9e alors qu\u2019il traversait la chauss\u00e9e dans un passage prot\u00e9g\u00e9, selon les premiers \u00e9l\u00e9ments de l\u2019enqu\u00eate. Les faits se sont produits \u00e0 hauteur du 306 avenue de Fronton, un axe structurant tr\u00e8s fr\u00e9quent\u00e9 du nord de Toulouse, \u00e0 proximit\u00e9 d\u2019un rond-point.<\/p>\n<p>Toxicologie n\u00e9gative<\/p>\n<p>\u00c0 leur arriv\u00e9e sur les lieux, la victime se trouvait en arr\u00eat cardio-respiratoire. En d\u00e9pit de tentatives de massage cardiaque, le quinquag\u00e9naire n\u2019a malheureusement pu \u00eatre ranim\u00e9. Il a \u00e9t\u00e9 d\u00e9clar\u00e9 mort sur place par le m\u00e9decin du Samu.<\/p>\n<p>L\u2019automobiliste impliqu\u00e9 dans l\u2019accident est \u00ab\u00a0un jeune homme de 19 ans qui partait au travail\u00a0\u00bb. Tr\u00e8s choqu\u00e9, il a \u00e9t\u00e9 ramen\u00e9 au commissariat pour y \u00eatre plac\u00e9 en garde \u00e0 vue.<\/p>\n<p>Les analyses toxicologiques pratiqu\u00e9es n\u2019ont r\u00e9v\u00e9l\u00e9 la pr\u00e9sence ni d\u2019alcool, ni de produits stup\u00e9fiants dans son organisme. Les investigations se poursuivent.<\/p>\n","protected":false},"excerpt":{"rendered":"l&rsquo;essentiel Un pi\u00e9ton de 56 ans a trouv\u00e9 la mort, ce jeudi aux aurores, fauch\u00e9 par une voiture.&hellip;\n","protected":false},"author":2,"featured_media":697481,"comment_status":"","ping_status":"","sticky":false,"template":"","format":"standard","meta":{"footnotes":""},"categories":[2816],"tags":[3085,1111,11,1777,674,118,1011,27,2722,12,2680,25,2312],"class_list":{"0":"post-697480","1":"post","2":"type-post","3":"status-publish","4":"format-standard","5":"has-post-thumbnail","7":"category-toulouse","8":"tag-accidents","9":"tag-actu","10":"tag-actualites","11":"tag-eu","12":"tag-europe","13":"tag-faits-divers","14":"tag-fr","15":"tag-france","16":"tag-haute-garonne","17":"tag-news","18":"tag-occitanie","19":"tag-republique-francaise","20":"tag-toulouse"},"share_on_mastodon":{"url":"https:\/\/pubeurope.com\/@fr\/115978827513440149","error":""},"_links":{"self":[{"href":"https:\/\/www.europesays.com\/fr\/wp-json\/wp\/v2\/posts\/697480","targetHints":{"allow":["GET"]}}],"collection":[{"href":"https:\/\/www.europesays.com\/fr\/wp-json\/wp\/v2\/posts"}],"about":[{"href":"https:\/\/www.europesays.com\/fr\/wp-json\/wp\/v2\/types\/post"}],"author":[{"embeddable":true,"href":"https:\/\/www.europesays.com\/fr\/wp-json\/wp\/v2\/users\/2"}],"replies":[{"embeddable":true,"href":"https:\/\/www.europesays.com\/fr\/wp-json\/wp\/v2\/comments?post=697480"}],"version-history":[{"count":0,"href":"https:\/\/www.europesays.com\/fr\/wp-json\/wp\/v2\/posts\/697480\/revisions"}],"wp:featuredmedia":[{"embeddable":true,"href":"https:\/\/www.europesays.com\/fr\/wp-json\/wp\/v2\/media\/697481"}],"wp:attachment":[{"href":"https:\/\/www.europesays.com\/fr\/wp-json\/wp\/v2\/media?parent=697480"}],"wp:term":[{"taxonomy":"category","embeddable":true,"href":"https:\/\/www.europesays.com\/fr\/wp-json\/wp\/v2\/categories?post=697480"},{"taxonomy":"post_tag","embeddable":true,"href":"https:\/\/www.europesays.com\/fr\/wp-json\/wp\/v2\/tags?post=697480"}],"curies":[{"name":"wp","href":"https:\/\/api.w.org\/{rel}","templated":true}]}}