{"id":697499,"date":"2026-01-29T14:30:26","date_gmt":"2026-01-29T14:30:26","guid":{"rendered":"https:\/\/www.europesays.com\/fr\/697499\/"},"modified":"2026-01-29T14:30:26","modified_gmt":"2026-01-29T14:30:26","slug":"comment-shabillent-les-personnalites-a-la-fashion-week-haute-couture-printemps-ete-2026-de-paris","status":"publish","type":"post","link":"https:\/\/www.europesays.com\/fr\/697499\/","title":{"rendered":"Comment s&rsquo;habillent les personnalit\u00e9s \u00e0 la Fashion Week haute couture printemps-\u00e9t\u00e9 2026 de Paris ?"},"content":{"rendered":"<p>La Fashion Week haute couture a d\u00e9but\u00e9 \u00e0 Paris et les c\u00e9l\u00e9brit\u00e9s les plus en vue du moment sont dans la capitale pour se rendre aux d\u00e9fil\u00e9s. De <strong>Teyana Taylor<\/strong> et <strong>Jodie Turner Smith<\/strong> chez <strong>Schiaparelli<\/strong> \u00e0 <strong>Rihanna<\/strong> et <strong>John Galliano<\/strong> chez <strong>Dior<\/strong>, la liste des invit\u00e9s ne cesse de s&rsquo;allonger au fil de la semaine. Le photographe <strong>Phil<\/strong> <strong>Oh<\/strong> est sur place pour capturer les meilleurs looks des invit\u00e9s. Retour en images sur les <a href=\"https:\/\/www.vogue.fr\/galerie\/fashion-week-automne-hiver-2024-2025-milan\" target=\"_blank\" rel=\"noopener\">street style<\/a> de la <a href=\"https:\/\/www.vogue.fr\/dossier\/fashion-week-paris\" target=\"_blank\" rel=\"noopener\">Fashion Week haute couture de Paris<\/a> printemps-\u00e9t\u00e9 2026 \u00e0 Paris.<\/p>\n<p><a href=\"https:\/\/www.vogue.com\/slideshow\/the-best-street-style-from-the-spring-2026-couture-shows-in-paris\" target=\"_blank\" rel=\"noopener\">Article initialement publi\u00e9 sur Vogue US<\/a><\/p>\n<p><strong>Plus de <a href=\"https:\/\/www.vogue.fr\/mode\" target=\"_blank\" rel=\"noopener\">mode<\/a> et de <a href=\"https:\/\/www.vogue.fr\/mode\/inspirations\" target=\"_blank\" rel=\"noopener\">tendances<\/a> sur Vogue.fr :<\/strong><br \/><a href=\"https:\/\/www.vogue.fr\/article\/amy-winehouse-3paradis\" target=\"_blank\" rel=\"noopener\">Amy Winehouse, muse du d\u00e9fil\u00e9 3.Paradis<\/a><br \/><a href=\"https:\/\/www.vogue.fr\/article\/rosie-huntington-whiteley-pantalon-cuir\" target=\"_blank\" rel=\"noopener\">Rosie Huntington-Whiteley a trouv\u00e9 l&rsquo;alternative parfaite \u00e0 la petite robe noire<\/a><br \/><a href=\"https:\/\/www.vogue.fr\/article\/defile-louis-vuitton-bambam-look-rock-and-loud\" target=\"_blank\" rel=\"noopener\">BamBam cr\u00e9e l\u2019\u00e9v\u00e9nement au d\u00e9fil\u00e9 Louis Vuitton par Pharrell Williams \u00e0 Paris<\/a><\/p>\n<p>IMAGES : les looks streetstyle aper\u00e7us dans la rue lors de la Fashion Week haute couture printemps-\u00e9t\u00e9 2026 :<\/p>\n","protected":false},"excerpt":{"rendered":"La Fashion Week haute couture a d\u00e9but\u00e9 \u00e0 Paris et les c\u00e9l\u00e9brit\u00e9s les plus en vue du moment&hellip;\n","protected":false},"author":2,"featured_media":697500,"comment_status":"","ping_status":"","sticky":false,"template":"","format":"standard","meta":{"footnotes":""},"categories":[1888],"tags":[11,1777,674,992,78854,34204,1011,27,985,12,626,25,18401],"class_list":{"0":"post-697499","1":"post","2":"type-post","3":"status-publish","4":"format-standard","5":"has-post-thumbnail","7":"category-paris","8":"tag-actualites","9":"tag-eu","10":"tag-europe","11":"tag-fashion-week","12":"tag-fashion-week-haute-couture","13":"tag-fashion-week-paris","14":"tag-fr","15":"tag-france","16":"tag-mode","17":"tag-news","18":"tag-paris","19":"tag-republique-francaise","20":"tag-vogue-digital"},"share_on_mastodon":{"url":"https:\/\/pubeurope.com\/@fr\/115978870720930272","error":""},"_links":{"self":[{"href":"https:\/\/www.europesays.com\/fr\/wp-json\/wp\/v2\/posts\/697499","targetHints":{"allow":["GET"]}}],"collection":[{"href":"https:\/\/www.europesays.com\/fr\/wp-json\/wp\/v2\/posts"}],"about":[{"href":"https:\/\/www.europesays.com\/fr\/wp-json\/wp\/v2\/types\/post"}],"author":[{"embeddable":true,"href":"https:\/\/www.europesays.com\/fr\/wp-json\/wp\/v2\/users\/2"}],"replies":[{"embeddable":true,"href":"https:\/\/www.europesays.com\/fr\/wp-json\/wp\/v2\/comments?post=697499"}],"version-history":[{"count":0,"href":"https:\/\/www.europesays.com\/fr\/wp-json\/wp\/v2\/posts\/697499\/revisions"}],"wp:featuredmedia":[{"embeddable":true,"href":"https:\/\/www.europesays.com\/fr\/wp-json\/wp\/v2\/media\/697500"}],"wp:attachment":[{"href":"https:\/\/www.europesays.com\/fr\/wp-json\/wp\/v2\/media?parent=697499"}],"wp:term":[{"taxonomy":"category","embeddable":true,"href":"https:\/\/www.europesays.com\/fr\/wp-json\/wp\/v2\/categories?post=697499"},{"taxonomy":"post_tag","embeddable":true,"href":"https:\/\/www.europesays.com\/fr\/wp-json\/wp\/v2\/tags?post=697499"}],"curies":[{"name":"wp","href":"https:\/\/api.w.org\/{rel}","templated":true}]}}