{"id":697503,"date":"2026-01-29T14:32:12","date_gmt":"2026-01-29T14:32:12","guid":{"rendered":"https:\/\/www.europesays.com\/fr\/697503\/"},"modified":"2026-01-29T14:32:12","modified_gmt":"2026-01-29T14:32:12","slug":"en-lituanie-une-ancienne-resistante-a-loccupation-sovietique-alerte-sur-les-ambitions-russes-en-europe","status":"publish","type":"post","link":"https:\/\/www.europesays.com\/fr\/697503\/","title":{"rendered":"en Lituanie, une ancienne r\u00e9sistante \u00e0 l\u2019occupation sovi\u00e9tique alerte sur les ambitions russes en Europe"},"content":{"rendered":"<p>Jamais elle n\u2019aurait un jour imagin\u00e9 partager son histoire<br \/>\nau-del\u00e0 des pays Baltes. En Occident, on a\u00a0souvent pris cette<br \/>\nLituanienne\u00a0pour une Russe. \u00ab\u00a0Peu importe notre<br \/>\nind\u00e9pendance gagn\u00e9e en 1990, ou que nous ayons int\u00e9gr\u00e9 l\u2019Union<br \/>\neurop\u00e9enne en 2004\u2026 Peut-\u00eatre est-ce li\u00e9 \u00e0 notre physique ou \u00e0<br \/>\nnotre culture\u00a0; cela fait en tout cas toujours<br \/>\nmal\u00a0\u00bb, confie s\u0153ur Bernadeta Mali\u0161kait\u0117. Nous la<br \/>\nretrouvons \u00e0 Kybartai, une commune rurale situ\u00e9e \u00e0 200\u00a0km de<br \/>\nla capitale, Vilnius, coll\u00e9e \u00e0 la fronti\u00e8re russe de<br \/>\nl\u2019\u00ab\u00a0exclave\u00a0\u00bb tr\u00e8s militaris\u00e9e de Kaliningrad. Un des<br \/>\nlieux les plus sensibles d\u2019Europe, en cas de guerre g\u00e9n\u00e9ralis\u00e9e<br \/>\navec Moscou.<\/p>\n<p>C\u2019est par ce poste-fronti\u00e8re que les trains de voyageurs et de<br \/>\nfret russes continuent de circuler selon les droits de passage du<br \/>\ncorridor de Suwa\u0142ki, qui relie la r\u00e9gion isol\u00e9e de Kaliningrad \u00e0<br \/>\nl\u2019ouest, avec le reste de la Russie continentale, en passant par la<br \/>\nBi\u00e9lorussie \u00e0 l\u2019est.\u00a0Au volant de sa voiture, \u00ab\u00a0s\u0153ur<br \/>\nBena\u00a0\u00bb, comme on l\u2019appelle ici, improvise un tour de village.<br \/>\nApr\u00e8s avoir fil\u00e9 au poste-fronti\u00e8re et signal\u00e9 l\u2019\u00e9glise orthodoxe<br \/>\nd\u00e9fra\u00eechie, elle nous m\u00e8ne \u00e0 l\u2019\u00e9glise catholique. De l\u2019autre c\u00f4t\u00e9<br \/>\nde la rue\u2026 l\u2019ancien local du KGB lituanien. \u00ab\u00a0La maison<br \/>\nappartient aujourd\u2019hui \u00e0 la paroisse\u00a0\u00bb,<br \/>\ns\u2019amuse-t-elle.<\/p>\n<p>Un samizdat contre Moscou<\/p>\n<p>Cette paroisse a \u00e9t\u00e9 le bastion de la r\u00e9sistance lorsque le pays<br \/>\ns\u2019est vu pour la seconde fois plac\u00e9 sous le joug de l\u2019URSS au<br \/>\nXXe\u00a0si\u00e8cle. \u00c0 partir des ann\u00e9es 1970, des catholiques d\u00e9cident<br \/>\nde recenser en cachette les pers\u00e9cutions religieuses et les<br \/>\natteintes aux libert\u00e9s fondamentales commises par le r\u00e9gime pour<br \/>\nalerter le monde. C\u2019est l\u2019histoire de la Chronique de l\u2019\u00c9glise<br \/>\ncatholique en Lituanie (en lituanien, la LKB<br \/>\nKronika), dont le contenu a \u00e9t\u00e9 repris sur les ondes de Radio<br \/>\nVatican, Voice of America et Radio Free Europe jusqu\u2019en 1989. S\u2019il<br \/>\ny a eu d\u2019autres samizdats (en russe \u00ab\u00a0auto\u00e9dition\u00a0\u00bb,<br \/>\n\u00e9dition \u00ab\u00a0sauvage\u00a0\u00bb) en URSS, la Chronique\u2026<\/p>\n","protected":false},"excerpt":{"rendered":"Jamais elle n\u2019aurait un jour imagin\u00e9 partager son histoire au-del\u00e0 des pays Baltes. En Occident, on a\u00a0souvent pris&hellip;\n","protected":false},"author":2,"featured_media":697504,"comment_status":"","ping_status":"","sticky":false,"template":"","format":"standard","meta":{"footnotes":""},"categories":[1591],"tags":[11,1887,12,1885,1886,132],"class_list":{"0":"post-697503","1":"post","2":"type-post","3":"status-publish","4":"format-standard","5":"has-post-thumbnail","7":"category-russie","8":"tag-actualites","9":"tag-federation-de-russie","10":"tag-news","11":"tag-russia","12":"tag-russian-federation","13":"tag-russie"},"share_on_mastodon":{"url":"https:\/\/pubeurope.com\/@fr\/115978878591642820","error":""},"_links":{"self":[{"href":"https:\/\/www.europesays.com\/fr\/wp-json\/wp\/v2\/posts\/697503","targetHints":{"allow":["GET"]}}],"collection":[{"href":"https:\/\/www.europesays.com\/fr\/wp-json\/wp\/v2\/posts"}],"about":[{"href":"https:\/\/www.europesays.com\/fr\/wp-json\/wp\/v2\/types\/post"}],"author":[{"embeddable":true,"href":"https:\/\/www.europesays.com\/fr\/wp-json\/wp\/v2\/users\/2"}],"replies":[{"embeddable":true,"href":"https:\/\/www.europesays.com\/fr\/wp-json\/wp\/v2\/comments?post=697503"}],"version-history":[{"count":0,"href":"https:\/\/www.europesays.com\/fr\/wp-json\/wp\/v2\/posts\/697503\/revisions"}],"wp:featuredmedia":[{"embeddable":true,"href":"https:\/\/www.europesays.com\/fr\/wp-json\/wp\/v2\/media\/697504"}],"wp:attachment":[{"href":"https:\/\/www.europesays.com\/fr\/wp-json\/wp\/v2\/media?parent=697503"}],"wp:term":[{"taxonomy":"category","embeddable":true,"href":"https:\/\/www.europesays.com\/fr\/wp-json\/wp\/v2\/categories?post=697503"},{"taxonomy":"post_tag","embeddable":true,"href":"https:\/\/www.europesays.com\/fr\/wp-json\/wp\/v2\/tags?post=697503"}],"curies":[{"name":"wp","href":"https:\/\/api.w.org\/{rel}","templated":true}]}}