{"id":697507,"date":"2026-01-29T14:34:10","date_gmt":"2026-01-29T14:34:10","guid":{"rendered":"https:\/\/www.europesays.com\/fr\/697507\/"},"modified":"2026-01-29T14:34:10","modified_gmt":"2026-01-29T14:34:10","slug":"avant-streets-of-minneapolis-les-autres-titres-de-bruce-springsteen-qui-ont-secoue-les-etats-unis","status":"publish","type":"post","link":"https:\/\/www.europesays.com\/fr\/697507\/","title":{"rendered":"Avant \u00ab\u00a0Streets of Minneapolis\u00a0\u00bb, les autres titres de Bruce Springsteen qui ont secou\u00e9 les \u00c9tats-Unis"},"content":{"rendered":"<p>\u00ab\u00a0Streets of Minneapolis\u00a0\u00bb (2026)<\/p>\n<p>Bruce Springsteen n\u2019a pas tra\u00een\u00e9. Quelques jours apr\u00e8s la mort \u00e0 Minneapolis d\u2019Alex Pretti et quelques semaines apr\u00e8s celle de Renee Good sous les balles des agents de la police f\u00e9d\u00e9rale migratoire,<a href=\"https:\/\/www.la-croix.com\/international\/l-ice-une-police-en-roue-libre-aux-etats-unis-ils-veulent-agir-avec-le-moins-de-contre-pouvoir-possible-20260128\" data-tracking=\"inpage_click\" data-tracking-action=\"lire un article\" data-tracking-category=\"recirculation\" target=\"_blank\" rel=\"noopener\"> l\u2019Immigration and Customs Enforcement (ICE)<\/a>, le \u00ab\u00a0Boss\u00a0\u00bb a r\u00e9agi en chanson, avec un nouveau titre intitul\u00e9 Streets of Minneapolis. \u00ab\u00a0J\u2019ai \u00e9crit cette chanson samedi, je l\u2019ai enregistr\u00e9e hier et je la sors aujourd\u2019hui pour vous en r\u00e9ponse \u00e0 la terreur d\u2019\u00c9tat qui s\u2019est abattue sur la ville de Minneapolis\u00a0\u00bb, a \u00e9crit le rockeur am\u00e9ricain sur ses r\u00e9seaux sociaux.<\/p>\n<p>Cet article est r\u00e9serv\u00e9 aux abonn\u00e9s<\/p>\n<p>\n                    Vous souhaitez lire la suite\u00a0? Abonnez-vous sans engagement \u00e0 notre offre num\u00e9rique\n                <\/p>\n<p>                <a href=\"https:\/\/abonnement.la-croix.com\" class=\"default-paywall__subscribe-button\" data-tracking=\"cta_click\" data-tracking-action=\"voir la page abonnement\" data-tracking-category=\"abonnement\" target=\"_blank\" rel=\"noopener\">Je m&rsquo;abonne<\/a><\/p>\n","protected":false},"excerpt":{"rendered":"\u00ab\u00a0Streets of Minneapolis\u00a0\u00bb (2026) Bruce Springsteen n\u2019a pas tra\u00een\u00e9. Quelques jours apr\u00e8s la mort \u00e0 Minneapolis d\u2019Alex Pretti&hellip;\n","protected":false},"author":2,"featured_media":697508,"comment_status":"","ping_status":"","sticky":false,"template":"","format":"standard","meta":{"footnotes":""},"categories":[1589],"tags":[11,73,1866,12,1864,1865,1863,308],"class_list":{"0":"post-697507","1":"post","2":"type-post","3":"status-publish","4":"format-standard","5":"has-post-thumbnail","7":"category-etats-unis","8":"tag-actualites","9":"tag-etats-unis","10":"tag-etats-unis-damerique","11":"tag-news","12":"tag-united-states","13":"tag-united-states-of-america","14":"tag-us","15":"tag-usa"},"share_on_mastodon":{"url":"https:\/\/pubeurope.com\/@fr\/115978886732695759","error":""},"_links":{"self":[{"href":"https:\/\/www.europesays.com\/fr\/wp-json\/wp\/v2\/posts\/697507","targetHints":{"allow":["GET"]}}],"collection":[{"href":"https:\/\/www.europesays.com\/fr\/wp-json\/wp\/v2\/posts"}],"about":[{"href":"https:\/\/www.europesays.com\/fr\/wp-json\/wp\/v2\/types\/post"}],"author":[{"embeddable":true,"href":"https:\/\/www.europesays.com\/fr\/wp-json\/wp\/v2\/users\/2"}],"replies":[{"embeddable":true,"href":"https:\/\/www.europesays.com\/fr\/wp-json\/wp\/v2\/comments?post=697507"}],"version-history":[{"count":0,"href":"https:\/\/www.europesays.com\/fr\/wp-json\/wp\/v2\/posts\/697507\/revisions"}],"wp:featuredmedia":[{"embeddable":true,"href":"https:\/\/www.europesays.com\/fr\/wp-json\/wp\/v2\/media\/697508"}],"wp:attachment":[{"href":"https:\/\/www.europesays.com\/fr\/wp-json\/wp\/v2\/media?parent=697507"}],"wp:term":[{"taxonomy":"category","embeddable":true,"href":"https:\/\/www.europesays.com\/fr\/wp-json\/wp\/v2\/categories?post=697507"},{"taxonomy":"post_tag","embeddable":true,"href":"https:\/\/www.europesays.com\/fr\/wp-json\/wp\/v2\/tags?post=697507"}],"curies":[{"name":"wp","href":"https:\/\/api.w.org\/{rel}","templated":true}]}}