{"id":697511,"date":"2026-01-29T14:36:16","date_gmt":"2026-01-29T14:36:16","guid":{"rendered":"https:\/\/www.europesays.com\/fr\/697511\/"},"modified":"2026-01-29T14:36:16","modified_gmt":"2026-01-29T14:36:16","slug":"lallemagne-lance-de-nouveaux-financements-pour-les-stations-et-camions-a-hydrogene","status":"publish","type":"post","link":"https:\/\/www.europesays.com\/fr\/697511\/","title":{"rendered":"L&rsquo;Allemagne lance de nouveaux financements pour les stations et camions \u00e0 hydrog\u00e8ne"},"content":{"rendered":"<p>       <strong>Berlin vient de d\u00e9bloquer 220 millions d\u2019euros pour accompagner le d\u00e9veloppement de l\u2019hydrog\u00e8ne dans le transport de marchandises. Les aides portent \u00e0 la fois sur le d\u00e9ploiement de stations et l\u2019acquisition de v\u00e9hicules\u2026<\/strong><\/p>\n<p>Le minist\u00e8re allemand des Transports (BMV) a lanc\u00e9 un appel \u00e0 projets pour soutenir la cr\u00e9ation d\u2019un r\u00e9seau de stations hydrog\u00e8ne. Ce programme vise les v\u00e9hicules utilitaires lourds, avec un objectif de 40 stations et 400 camions \u00e0 hydrog\u00e8ne&#8230;<\/p>\n<p>La suite de cet article est r\u00e9serv\u00e9e \u00e0 nos abonn\u00e9s<\/p>\n<p>\t\t\t \t\t\t Profitez d&rsquo;un acc\u00e8s complet \u00e0  nos contenus :<br \/>\n<br \/>\n Veille march\u00e9 en France et \u00e0 l&rsquo;international<br \/>\n Chiffres et donn\u00e9es cl\u00e9s de la fili\u00e8re<br \/>\n Interviews d&rsquo;experts et d\u00e9cideurs du secteur<br \/>\n\t\t\t D\u00e9j\u00e0 abonn\u00e9 ? <a href=\"https:\/\/www.h2-mobile.fr\/login\/\" target=\"_blank\" rel=\"noopener\">Se connecter<\/a>  <\/p>\n","protected":false},"excerpt":{"rendered":"Berlin vient de d\u00e9bloquer 220 millions d\u2019euros pour accompagner le d\u00e9veloppement de l\u2019hydrog\u00e8ne dans le transport de marchandises.&hellip;\n","protected":false},"author":2,"featured_media":697512,"comment_status":"","ping_status":"","sticky":false,"template":"","format":"standard","meta":{"footnotes":""},"categories":[1587],"tags":[11,672,1804,1805,1803,1777,674,1801,12,1802],"class_list":{"0":"post-697511","1":"post","2":"type-post","3":"status-publish","4":"format-standard","5":"has-post-thumbnail","7":"category-allemagne","8":"tag-actualites","9":"tag-allemagne","10":"tag-bundesrepublik-deutschland","11":"tag-de","12":"tag-deutschland","13":"tag-eu","14":"tag-europe","15":"tag-germany","16":"tag-news","17":"tag-republique-federale-dallemagne"},"share_on_mastodon":{"url":"https:\/\/pubeurope.com\/@fr\/115978894344294102","error":""},"_links":{"self":[{"href":"https:\/\/www.europesays.com\/fr\/wp-json\/wp\/v2\/posts\/697511","targetHints":{"allow":["GET"]}}],"collection":[{"href":"https:\/\/www.europesays.com\/fr\/wp-json\/wp\/v2\/posts"}],"about":[{"href":"https:\/\/www.europesays.com\/fr\/wp-json\/wp\/v2\/types\/post"}],"author":[{"embeddable":true,"href":"https:\/\/www.europesays.com\/fr\/wp-json\/wp\/v2\/users\/2"}],"replies":[{"embeddable":true,"href":"https:\/\/www.europesays.com\/fr\/wp-json\/wp\/v2\/comments?post=697511"}],"version-history":[{"count":0,"href":"https:\/\/www.europesays.com\/fr\/wp-json\/wp\/v2\/posts\/697511\/revisions"}],"wp:featuredmedia":[{"embeddable":true,"href":"https:\/\/www.europesays.com\/fr\/wp-json\/wp\/v2\/media\/697512"}],"wp:attachment":[{"href":"https:\/\/www.europesays.com\/fr\/wp-json\/wp\/v2\/media?parent=697511"}],"wp:term":[{"taxonomy":"category","embeddable":true,"href":"https:\/\/www.europesays.com\/fr\/wp-json\/wp\/v2\/categories?post=697511"},{"taxonomy":"post_tag","embeddable":true,"href":"https:\/\/www.europesays.com\/fr\/wp-json\/wp\/v2\/tags?post=697511"}],"curies":[{"name":"wp","href":"https:\/\/api.w.org\/{rel}","templated":true}]}}