{"id":697515,"date":"2026-01-29T14:38:17","date_gmt":"2026-01-29T14:38:17","guid":{"rendered":"https:\/\/www.europesays.com\/fr\/697515\/"},"modified":"2026-01-29T14:38:17","modified_gmt":"2026-01-29T14:38:17","slug":"iran-lue-sanctionne-des-hauts-responsables-iraniens-apres-la-repression-des-manifestations","status":"publish","type":"post","link":"https:\/\/www.europesays.com\/fr\/697515\/","title":{"rendered":"Iran. L&rsquo;UE sanctionne des hauts responsables iraniens apr\u00e8s la r\u00e9pression des manifestations"},"content":{"rendered":"<p>L&rsquo;Union europ\u00e9enne (UE) a indiqu\u00e9 ce jeudi avoir sanctionn\u00e9 plusieurs hauts responsables iraniens, dont le ministre de l&rsquo;Int\u00e9rieur et des dirigeants des Gardiens de la r\u00e9volution, \u00e0 la suite de la <a href=\"https:\/\/www.ledauphine.com\/defense-guerre-conflit\/2026\/01\/21\/manifestations-plus-de-3-100-personnes-ont-ete-tuees-selon-la-television-d-etat\" target=\"_blank\" rel=\"noopener\">r\u00e9pression meurtri\u00e8re des manifestations en Iran ces derni\u00e8res semaines<\/a>. D&rsquo;apr\u00e8s une liste publi\u00e9e au Journal officiel de l&rsquo;UE, sont notamment sanctionn\u00e9s le ministre Eskandar Momeni et le procureur g\u00e9n\u00e9ral de l&rsquo;Iran, Mohammad Movahedi-Azad. Y figurent aussi le chef de la police Seyed Majid Feiz Jafari et plusieurs dirigeants des Gardiens de la r\u00e9volution, organisation consid\u00e9r\u00e9e comme le bras arm\u00e9 de la r\u00e9pression qui a fait des milliers de morts. Au total, quelque 21 entit\u00e9s et individus sont cibl\u00e9s par ces sanctions, qui pr\u00e9voient une interdiction d&rsquo;entrer dans l&rsquo;UE et le gel de leurs avoirs sur le territoire des Vingt-Sept.<\/p>\n<p>Les Gardiens de la r\u00e9volution restent dans le collimateur de l&rsquo;UE, qui\u00a0pourrait d\u00e9cider ce jeudi d&rsquo;ajouter l&rsquo;organisation sur sa liste des organisations terroristes.\u00a0\u00ab Si vous agissez en terroriste, vous devez \u00eatre trait\u00e9 comme tel \u00bb, a lanc\u00e9 la cheffe de la diplomatie de l&rsquo;UE, Kaja Kallas, avant une r\u00e9union des ministres des Affaires \u00e9trang\u00e8res des 27 \u00e0 Bruxelles. \u00ab Je m&rsquo;attends [&#8230;] \u00e0 ce que nous convenions d&rsquo;inscrire les Gardiens de la r\u00e9volution iraniens sur la liste des organisations terroristes \u00bb, a-t-elle ajout\u00e9. D&rsquo;autres pays ont d\u00e9j\u00e0 pris une telle d\u00e9cision, comme les \u00c9tats-Unis, le Canada ou l\u2019Australie.<\/p>\n<p>  La France pr\u00eate \u00e0 classer les Gardiens de la r\u00e9volution comme organisation terroriste<\/p>\n<p>La France a annonc\u00e9 mercredi \u00eatre pr\u00eate d\u00e9sormais \u00e0 prendre sa d\u00e9cision, levant ainsi un des principaux obstacles \u00e0 son adoption. \u00ab Il ne peut y avoir aucune impunit\u00e9 pour les crimes commis \u00bb, a affirm\u00e9 le ministre fran\u00e7ais des Affaires \u00e9trang\u00e8res <a href=\"https:\/\/www.ledauphine.com\/p\/jean-noel-barrot\" target=\"_blank\" rel=\"noopener\">Jean-No\u00ebl Barrot<\/a>, \u00e0 son arriv\u00e9e \u00e0 Bruxelles. Le ministre fran\u00e7ais a \u00e9galement appel\u00e9 les autorit\u00e9s iraniennes \u00e0 lib\u00e9rer les prisonniers et \u00ab \u00e0 mettre fin aux ex\u00e9cutions qui poursuivent la r\u00e9pression [&#8230;]\u00a0la plus violente de l&rsquo;histoire contemporaine de l&rsquo;Iran \u00bb.<\/p>\n<p>L&rsquo;Italie avait annonc\u00e9 la semaine derni\u00e8re son intention de proposer \u00e0 ses partenaires de l&rsquo;UE d&rsquo;ajouter les Gardiens de la r\u00e9volution sur cette liste noire. La proposition \u00e9tait d\u00e9j\u00e0 sur la table des ministres de l&rsquo;UE mais, faute d&rsquo;unanimit\u00e9, elle n&rsquo;avait jusqu&rsquo;\u00e0 pr\u00e9sent pas pu aboutir, certains pays s&rsquo;inqui\u00e9tant de la s\u00e9curit\u00e9 de leurs ressortissants en Iran.\u00a0De son c\u00f4t\u00e9, l&rsquo;Iran a mis en garde contre des \u00ab cons\u00e9quences destructrices \u00bb si l&rsquo;UE d\u00e9cidait de cette inscription.<\/p>\n","protected":false},"excerpt":{"rendered":"L&rsquo;Union europ\u00e9enne (UE) a indiqu\u00e9 ce jeudi avoir sanctionn\u00e9 plusieurs hauts responsables iraniens, dont le ministre de l&rsquo;Int\u00e9rieur&hellip;\n","protected":false},"author":2,"featured_media":697516,"comment_status":"","ping_status":"","sticky":false,"template":"","format":"standard","meta":{"footnotes":""},"categories":[1586],"tags":[11,3206,1777,674,1779,107,1011,27,329,3019,12,316,25,1778,364],"class_list":{"0":"post-697515","1":"post","2":"type-post","3":"status-publish","4":"format-standard","5":"has-post-thumbnail","7":"category-europe","8":"tag-actualites","9":"tag-defense-guerre-conflit","10":"tag-eu","11":"tag-europe","12":"tag-european-union","13":"tag-fil-info","14":"tag-fr","15":"tag-france","16":"tag-france-monde","17":"tag-iran","18":"tag-news","19":"tag-politique","20":"tag-republique-francaise","21":"tag-ue","22":"tag-union-europeenne"},"share_on_mastodon":{"url":"https:\/\/pubeurope.com\/@fr\/115978902233662802","error":""},"_links":{"self":[{"href":"https:\/\/www.europesays.com\/fr\/wp-json\/wp\/v2\/posts\/697515","targetHints":{"allow":["GET"]}}],"collection":[{"href":"https:\/\/www.europesays.com\/fr\/wp-json\/wp\/v2\/posts"}],"about":[{"href":"https:\/\/www.europesays.com\/fr\/wp-json\/wp\/v2\/types\/post"}],"author":[{"embeddable":true,"href":"https:\/\/www.europesays.com\/fr\/wp-json\/wp\/v2\/users\/2"}],"replies":[{"embeddable":true,"href":"https:\/\/www.europesays.com\/fr\/wp-json\/wp\/v2\/comments?post=697515"}],"version-history":[{"count":0,"href":"https:\/\/www.europesays.com\/fr\/wp-json\/wp\/v2\/posts\/697515\/revisions"}],"wp:featuredmedia":[{"embeddable":true,"href":"https:\/\/www.europesays.com\/fr\/wp-json\/wp\/v2\/media\/697516"}],"wp:attachment":[{"href":"https:\/\/www.europesays.com\/fr\/wp-json\/wp\/v2\/media?parent=697515"}],"wp:term":[{"taxonomy":"category","embeddable":true,"href":"https:\/\/www.europesays.com\/fr\/wp-json\/wp\/v2\/categories?post=697515"},{"taxonomy":"post_tag","embeddable":true,"href":"https:\/\/www.europesays.com\/fr\/wp-json\/wp\/v2\/tags?post=697515"}],"curies":[{"name":"wp","href":"https:\/\/api.w.org\/{rel}","templated":true}]}}