{"id":697523,"date":"2026-01-29T14:43:14","date_gmt":"2026-01-29T14:43:14","guid":{"rendered":"https:\/\/www.europesays.com\/fr\/697523\/"},"modified":"2026-01-29T14:43:14","modified_gmt":"2026-01-29T14:43:14","slug":"ligue-des-champions-le-forfait-de-michieletto-confirme-avant-trento","status":"publish","type":"post","link":"https:\/\/www.europesays.com\/fr\/697523\/","title":{"rendered":"Ligue des champions : le forfait de Michieletto confirm\u00e9 avant Trento"},"content":{"rendered":"<p>De notre envoy\u00e9e sp\u00e9ciale \u00e0 Trentino<\/p>\n<p><strong>\u00a0Trento &#8211; Trento<\/strong><\/p>\n<p>Absent ce week-end face \u00e0 P\u00e9rouse, Alessandro Michieletto, diminu\u00e9 au dos, le sera aussi, ce jeudi face au Tours VB&#8230;. <\/p>\n<p>    Cet article a \u00e9t\u00e9 tronqu\u00e9. Abonnez-vous pour lire l&rsquo;article complet sur notre site.<\/p>\n<p> Tout sauf un petit d\u00e9tail\u00a0! Double champion du monde avec l\u2019Italie, il est \u00e0 25\u00a0ans consid\u00e9r\u00e9, aussi, comme le meilleur joueur du monde\u2026<\/p>\n<p style=\"margin: 0 !important; padding: 0 !important; font-size: 12px !important;\">Cet article a \u00e9t\u00e9 tronqu\u00e9. Abonnez-vous pour lire l&rsquo;article complet.<\/p>\n<p>    <a href=\"https:\/\/www.lanouvellerepublique.fr\/abonnements\" style=\"display: inline-block; margin-top: 5px !important; padding: 6px 12px !important; background: #cb1c27; color: white; text-decoration: none; border-radius: 4px; font-size: 12px !important;\" target=\"_blank\" rel=\"noopener\"><br \/>\n      S&rsquo;abonner<br \/>\n    <\/a><\/p>\n","protected":false},"excerpt":{"rendered":"De notre envoy\u00e9e sp\u00e9ciale \u00e0 Trentino \u00a0Trento &#8211; Trento Absent ce week-end face \u00e0 P\u00e9rouse, Alessandro Michieletto, diminu\u00e9&hellip;\n","protected":false},"author":2,"featured_media":697524,"comment_status":"","ping_status":"","sticky":false,"template":"","format":"standard","meta":{"footnotes":""},"categories":[1417],"tags":[1392,39145,1011,27,1387,60,1390,1471,2767,1470,1469],"class_list":{"0":"post-697523","1":"post","2":"type-post","3":"status-publish","4":"format-standard","5":"has-post-thumbnail","7":"category-volley","8":"tag-a-la-une-local","9":"tag-coupe-deurope-volley","10":"tag-fr","11":"tag-france","12":"tag-indre-et-loire","13":"tag-sports","14":"tag-tours","15":"tag-tours-volley-ball","16":"tag-tvb-37","17":"tag-volley","18":"tag-volleyball"},"share_on_mastodon":{"url":"https:\/\/pubeurope.com\/@fr\/115978921883726857","error":""},"_links":{"self":[{"href":"https:\/\/www.europesays.com\/fr\/wp-json\/wp\/v2\/posts\/697523","targetHints":{"allow":["GET"]}}],"collection":[{"href":"https:\/\/www.europesays.com\/fr\/wp-json\/wp\/v2\/posts"}],"about":[{"href":"https:\/\/www.europesays.com\/fr\/wp-json\/wp\/v2\/types\/post"}],"author":[{"embeddable":true,"href":"https:\/\/www.europesays.com\/fr\/wp-json\/wp\/v2\/users\/2"}],"replies":[{"embeddable":true,"href":"https:\/\/www.europesays.com\/fr\/wp-json\/wp\/v2\/comments?post=697523"}],"version-history":[{"count":0,"href":"https:\/\/www.europesays.com\/fr\/wp-json\/wp\/v2\/posts\/697523\/revisions"}],"wp:featuredmedia":[{"embeddable":true,"href":"https:\/\/www.europesays.com\/fr\/wp-json\/wp\/v2\/media\/697524"}],"wp:attachment":[{"href":"https:\/\/www.europesays.com\/fr\/wp-json\/wp\/v2\/media?parent=697523"}],"wp:term":[{"taxonomy":"category","embeddable":true,"href":"https:\/\/www.europesays.com\/fr\/wp-json\/wp\/v2\/categories?post=697523"},{"taxonomy":"post_tag","embeddable":true,"href":"https:\/\/www.europesays.com\/fr\/wp-json\/wp\/v2\/tags?post=697523"}],"curies":[{"name":"wp","href":"https:\/\/api.w.org\/{rel}","templated":true}]}}