{"id":697525,"date":"2026-01-29T14:44:10","date_gmt":"2026-01-29T14:44:10","guid":{"rendered":"https:\/\/www.europesays.com\/fr\/697525\/"},"modified":"2026-01-29T14:44:10","modified_gmt":"2026-01-29T14:44:10","slug":"antoine-dupont-probleme-annonce","status":"publish","type":"post","link":"https:\/\/www.europesays.com\/fr\/697525\/","title":{"rendered":"Antoine Dupont, probl\u00e8me annonc\u00e9"},"content":{"rendered":"<p><strong>De retour avec le XV de France<br \/>\napr\u00e8s de longs mois d\u2019absence, Antoine Dupont s\u2019appr\u00eate \u00e0 lancer<br \/>\nson Tournoi des Six Nations face \u00e0 l\u2019Irlande.<\/strong><\/p>\n<p>Apr\u00e8s plusieurs mois d\u2019absence, Antoine Dupont s\u2019appr\u00eate \u00e0 faire<br \/>\nson grand retour avec le XV de France. Le demi de m\u00eal\u00e9e toulousain,<br \/>\n\u00e9cart\u00e9 des terrains depuis sa grave rupture des ligaments crois\u00e9s<br \/>\nsubie le 8 mars 2025 contre l\u2019Irlande, va de nouveau enfiler le<br \/>\nmaillot bleu pour le Tournoi des Six Nations.<\/p>\n<p>De retour sur les terrains en novembre dernier avec le Stade<br \/>\nToulousain, le capitaine des Bleus renouera avec la sc\u00e8ne<br \/>\ninternationale le 5 f\u00e9vrier prochain au Stade de France, lors de<br \/>\nl\u2019ouverture du tournoi face \u00e0 l\u2019Irlande. R\u00e9put\u00e9 pour son<br \/>\nprofessionnalisme, Dupont s\u2019est confi\u00e9 \u00e0 L\u2019\u00c9quipe Magazine<br \/>\nsur son hygi\u00e8ne de vie et sa pr\u00e9paration avant ce rendez-vous<br \/>\nmajeur.<\/p>\n<blockquote class=\"twitter-tweet\"><p><a class=\"twitter-link\" rel=\"noindex, nofollow noopener\" href=\"https:\/\/twitter.com\/sports_fr\/status\/2016817841433960512\" target=\"_blank\"><\/p><\/blockquote>\n<p>Le Toulousain a d\u00e9taill\u00e9 son assiette, son sommeil et sa routine<br \/>\nquotidienne. \u00ab\u00a0Une simple semaine, sans parler du match,<br \/>\nc\u2019est physiquement tr\u00e8s dur. Pour pouvoir encha\u00eener avec les matchs<br \/>\nle week-end, il faut avoir une hygi\u00e8ne de vie et une hydratation la<br \/>\nplus clean possible. L\u2019alcool, le sommeil, la di\u00e9t\u00e9tique sont les<br \/>\npremiers facteurs qui jouent sur la performance. L\u2019alcool, \u00e7a n\u2019a<br \/>\njamais \u00e9t\u00e9 mon truc. J\u2019\u00e9tais toujours l\u00e0 avec les copains, mais ce<br \/>\nn\u2019est jamais moi qui finissais les verres\u00a0\u00bb,<br \/>\nd\u00e9clare-t-il.<\/p>\n<p>Le sommeil, dernier d\u00e9fi<\/p>\n<p>Attentif \u00e0 son hygi\u00e8ne de vie et suivi par un nutritionniste,<br \/>\nDupont a \u00e9galement repens\u00e9 son quotidien. Il limite son temps<br \/>\nd\u2019\u00e9cran \u00e0 trois heures par jour, \u00e0 l\u2019inverse de certains<br \/>\nco\u00e9quipiers, et s\u2019est r\u00e9cemment mis \u00e0 la m\u00e9ditation pour adopter un<br \/>\nregard diff\u00e9rent sur sa vie, qu\u2019il qualifie de<br \/>\n\u00ab\u00a0particuli\u00e8re\u00a0\u00bb.<\/p>\n<p>Malgr\u00e9 cette discipline exemplaire, le capitaine reconna\u00eet un<br \/>\npoint faible : le sommeil. \u00ab\u00a0Je n\u2019aime pas me coucher t\u00f4t,<br \/>\nj\u2019ai un probl\u00e8me avec \u00e7a, il faudrait que je le change d\u2019ailleurs.<br \/>\nSi je m\u2019endors \u00e0 23 heures, 23h30, c\u2019est le plus t\u00f4t. C\u2019est plus<br \/>\nsouvent minuit et ce n\u2019est pas une bonne chose mais je n\u2019arrive pas<br \/>\n\u00e0 m\u2019endormir avant. Je suis couche-tard, l\u00e8ve-tard\u00a0\u00bb,<br \/>\navoue-t-il. Entre retour sur le terrain et discipline stricte,<br \/>\nAntoine Dupont pr\u00e9pare donc son come-back international avec<br \/>\nm\u00e9thode.<\/p>\n<p><script async src=\"https:\/\/platform.twitter.com\/widgets.js\" charset=\"utf-8\"><\/script><\/p>\n","protected":false},"excerpt":{"rendered":"De retour avec le XV de France apr\u00e8s de longs mois d\u2019absence, Antoine Dupont s\u2019appr\u00eate \u00e0 lancer son&hellip;\n","protected":false},"author":2,"featured_media":558055,"comment_status":"","ping_status":"","sticky":false,"template":"","format":"standard","meta":{"footnotes":""},"categories":[1416],"tags":[1011,27,479,1468,60],"class_list":{"0":"post-697525","1":"post","2":"type-post","3":"status-publish","4":"format-standard","5":"has-post-thumbnail","7":"category-rugby","8":"tag-fr","9":"tag-france","10":"tag-rugby","11":"tag-rugby-football","12":"tag-sports"},"share_on_mastodon":{"url":"https:\/\/pubeurope.com\/@fr\/115978925744899921","error":""},"_links":{"self":[{"href":"https:\/\/www.europesays.com\/fr\/wp-json\/wp\/v2\/posts\/697525","targetHints":{"allow":["GET"]}}],"collection":[{"href":"https:\/\/www.europesays.com\/fr\/wp-json\/wp\/v2\/posts"}],"about":[{"href":"https:\/\/www.europesays.com\/fr\/wp-json\/wp\/v2\/types\/post"}],"author":[{"embeddable":true,"href":"https:\/\/www.europesays.com\/fr\/wp-json\/wp\/v2\/users\/2"}],"replies":[{"embeddable":true,"href":"https:\/\/www.europesays.com\/fr\/wp-json\/wp\/v2\/comments?post=697525"}],"version-history":[{"count":0,"href":"https:\/\/www.europesays.com\/fr\/wp-json\/wp\/v2\/posts\/697525\/revisions"}],"wp:featuredmedia":[{"embeddable":true,"href":"https:\/\/www.europesays.com\/fr\/wp-json\/wp\/v2\/media\/558055"}],"wp:attachment":[{"href":"https:\/\/www.europesays.com\/fr\/wp-json\/wp\/v2\/media?parent=697525"}],"wp:term":[{"taxonomy":"category","embeddable":true,"href":"https:\/\/www.europesays.com\/fr\/wp-json\/wp\/v2\/categories?post=697525"},{"taxonomy":"post_tag","embeddable":true,"href":"https:\/\/www.europesays.com\/fr\/wp-json\/wp\/v2\/tags?post=697525"}],"curies":[{"name":"wp","href":"https:\/\/api.w.org\/{rel}","templated":true}]}}